{"id":1357,"date":"2014-11-21T09:08:42","date_gmt":"2014-11-21T09:08:42","guid":{"rendered":"http:\/\/anatem.info\/?p=1357"},"modified":"2014-11-21T09:08:42","modified_gmt":"2014-11-21T09:08:42","slug":"ouverture-officielle-du-g-e-s-marrakech-message-de-fierte-et-despoir-du-roi-du-maroc","status":"publish","type":"post","link":"http:\/\/anatem.info\/?p=1357","title":{"rendered":"Ouverture officielle du G.E.S \u00e0 Marrakech  : message de fiert\u00e9 et d&rsquo;espoir du Roi du Maroc"},"content":{"rendered":"<div>\n<div class=\"mimepart text html\">\n<table>\n<tbody>\n<tr>\n<td class=\"hmmessage\">\n<div dir=\"ltr\">\n<div style=\"text-align: justify;\">A l&rsquo;ouverture des travaux du 5\u00e8me Forum International de l&rsquo;Entrepreneuriat (G.E.S) de Marrakech, Sa Majest\u00e9 le Roi Mohammed VI a adress\u00e9, le 20 novembre 2014, un message aux participants de ce conclave.<\/div>\n<div style=\"text-align: justify;\">Un message lu par le Chef du Gouvernement marocain et que l&rsquo;on peut r\u00e9sumer comme suit :<\/div>\n<div style=\"text-align: justify;\">1\/ fiert\u00e9 du Royaume du Maroc d&rsquo;accueillir ce Forum qui tient ses assises pour la premi\u00e8re fois en Afrique et confirmation de la vocation et de l&rsquo;ambition du Maroc \u00e0 promouvoir son partenariat avec le continent africain, un choix d\u00e9termin\u00e9 et irr\u00e9versible,<\/div>\n<div style=\"text-align: justify;\">2\/ mobilisation constante du Maroc pour le d\u00e9veloppement humain et durable, en investissant dans la culture entrepreneuriale et en encourageant le partage d&rsquo;expertise et de savoir-faire ainsi que l&rsquo;optimisation des compl\u00e9mentarit\u00e9s, notamment entre pays du Sud,<\/div>\n<div style=\"text-align: justify;\">3\/ imp\u00e9rieuse n\u00e9cessit\u00e9 pour les gouvernements africains \u00e0 impulser \u00e0 leur jeunesse la confiance en leurs capacit\u00e9s intrins\u00e8ques \u00e0 apprendre et \u00e0 entreprendre afin de vaincre le pessimisme qui frappe l&rsquo;Afrique,<\/div>\n<div style=\"text-align: justify;\">4\/ appel \u00e0 ne pas confondre innovation technologique et haute technicit\u00e9 car les innovations dites \u00e0 bas contenu technologique peuvent tout autant que les autres r\u00e9pondre \u00e0 des besoins sp\u00e9cifiques, en particulier dans les pays en d\u00e9veloppement, tout en permettant d&rsquo;accompagner le d\u00e9veloppement social et d&rsquo;am\u00e9liorer le bien-\u00eatre sur le terrain,<\/div>\n<div style=\"text-align: justify;\">5\/ quant \u00e0 l&rsquo;innovation, celle-ci ne peut \u00eatre r\u00e9serv\u00e9e qu&rsquo;aux plus riches et qu&rsquo;aux classes privil\u00e9gi\u00e9es. C&rsquo;est pourquoi, \u00a0il est demand\u00e9 aux entrepreneurs de porter leur attention aux consommateurs \u00e0 bas revenus, en fournissant des produits et services, adapt\u00e9s et rentables, citant en exemple le secteur des t\u00e9l\u00e9communications en Afrique.<\/div>\n<div style=\"text-align: justify;\">6\/ enfin Sa Majest\u00e9 le Roi Mohammed VI a f\u00e9licit\u00e9 tous ceux qui ont contribu\u00e9 \u00e0 rendre possible, \u00e0 Marrakech, des interactions nouvelles et crois\u00e9es entre d\u00e9cideurs politiques, acteurs \u00e9conomiques et repr\u00e9sentants de la soci\u00e9t\u00e9 civile, du monde acad\u00e9mique et des m\u00e9dias, tout en exprimant sa grande satisfaction, que ce Sommet a pu r\u00e9ussir \u00e0 mobiliser un grand nombre de porteurs de projets, d&rsquo;investisseurs et de jeunes entrepreneurs venus de divers horizons.<\/div>\n<div style=\"text-align: right;\">Farid Mnebhi.<\/div>\n<\/div>\n<\/td>\n<\/tr>\n<\/tbody>\n<\/table>\n<\/div>\n<\/div>\n<div class=\"MailMessagePane-inlineContainer\">\n<fieldset id=\"mimepart_4_start\" class=\"attachmentSeparator\">\n<legend>\u00a0<\/legend>\n<\/fieldset>\n<\/div>\n","protected":false},"excerpt":{"rendered":"<p>A l&rsquo;ouverture des travaux du 5\u00e8me Forum International de l&rsquo;Entrepreneuriat (G.E.S) de Marrakech, Sa Majest\u00e9 le Roi Mohammed VI a<\/p>\n","protected":false},"author":2,"featured_media":0,"comment_status":"closed","ping_status":"closed","sticky":false,"template":"","format":"standard","meta":{"footnotes":""},"categories":[1],"tags":[],"class_list":["post-1357","post","type-post","status-publish","format-standard","hentry","category-uncategorized"],"_links":{"self":[{"href":"http:\/\/anatem.info\/index.php?rest_route=\/wp\/v2\/posts\/1357","targetHints":{"allow":["GET"]}}],"collection":[{"href":"http:\/\/anatem.info\/index.php?rest_route=\/wp\/v2\/posts"}],"about":[{"href":"http:\/\/anatem.info\/index.php?rest_route=\/wp\/v2\/types\/post"}],"author":[{"embeddable":true,"href":"http:\/\/anatem.info\/index.php?rest_route=\/wp\/v2\/users\/2"}],"replies":[{"embeddable":true,"href":"http:\/\/anatem.info\/index.php?rest_route=%2Fwp%2Fv2%2Fcomments&post=1357"}],"version-history":[{"count":1,"href":"http:\/\/anatem.info\/index.php?rest_route=\/wp\/v2\/posts\/1357\/revisions"}],"predecessor-version":[{"id":1358,"href":"http:\/\/anatem.info\/index.php?rest_route=\/wp\/v2\/posts\/1357\/revisions\/1358"}],"wp:attachment":[{"href":"http:\/\/anatem.info\/index.php?rest_route=%2Fwp%2Fv2%2Fmedia&parent=1357"}],"wp:term":[{"taxonomy":"category","embeddable":true,"href":"http:\/\/anatem.info\/index.php?rest_route=%2Fwp%2Fv2%2Fcategories&post=1357"},{"taxonomy":"post_tag","embeddable":true,"href":"http:\/\/anatem.info\/index.php?rest_route=%2Fwp%2Fv2%2Ftags&post=1357"}],"curies":[{"name":"wp","href":"https:\/\/api.w.org\/{rel}","templated":true}]}}