{"id":140,"date":"2013-01-17T03:44:37","date_gmt":"2013-01-17T03:44:37","guid":{"rendered":"http:\/\/anatem.info\/?p=140"},"modified":"2014-09-10T03:05:41","modified_gmt":"2014-09-10T03:05:41","slug":"mali-le-maroc-et-lalgerie-ont-autorise-leur-survol-de-leur-territoires-par-les-avions-francais","status":"publish","type":"post","link":"http:\/\/anatem.info\/?p=140","title":{"rendered":"Mali: le Maroc et l&rsquo;Alg?rie ont autoris? leur survol de leur territoires par les avions fran?ais"},"content":{"rendered":"<div>\n<p>Le pr\u00e9sident fran\u00e7ais Fran\u00e7ois Hollande a annonc\u00e9 mardi \u00e0 Duba\u00ef  que le Maroc et l&rsquo;Alg\u00e9rie avaient autoris\u00e9 le survol de leur territoire  par les avions militaires fran\u00e7ais engag\u00e9s au Mali.<\/p>\n<p>\u00ab\u00a0Le pr\u00e9sident  (Abdelaziz) Bouteflika a autoris\u00e9 le survol de l&rsquo;Alg\u00e9rie par un certain  nombre de nos avions\u00a0\u00bb, a confirm\u00e9 M. Hollande lors d&rsquo;une conf\u00e9rence de  presse. \u00ab\u00a0Le Maroc nous a autoris\u00e9s \u00e9galement \u00e0 survoler son territoire\u00a0\u00bb.<\/p>\n<p>L&rsquo;Alg\u00e9rie  a \u00e9galement ferm\u00e9 sa fronti\u00e8re pour couper la route aux jihadistes  voulant s&rsquo;y r\u00e9fugier, a rappel\u00e9 le chef de l&rsquo;Etat fran\u00e7ais.<\/p>\n<p>Il a  ajout\u00e9 que son homologue mauritanien, Mohamed Ould Abdel Aziz, qu&rsquo;il a  rencontr\u00e9 mardi \u00e0 Abou Dhabi, \u00ab\u00a0a d\u00e9j\u00e0 pris une d\u00e9cision qui est de  s\u00e9curiser sa fronti\u00e8re avec le Mali, donc de la fermer dans l&rsquo;hypoth\u00e8se  o\u00f9 des terroristes voudraient s&rsquo;y r\u00e9fugier\u00a0\u00bb.<\/p>\n<\/div>\n<p>AFP<\/p>\n","protected":false},"excerpt":{"rendered":"<p>Le pr\u00e9sident fran\u00e7ais Fran\u00e7ois Hollande a annonc\u00e9 mardi \u00e0 Duba\u00ef que le Maroc et l&rsquo;Alg\u00e9rie avaient autoris\u00e9 le survol de<\/p>\n","protected":false},"author":2,"featured_media":0,"comment_status":"open","ping_status":"open","sticky":false,"template":"","format":"standard","meta":{"footnotes":""},"categories":[5],"tags":[],"class_list":["post-140","post","type-post","status-publish","format-standard","hentry","category-maghreb-news"],"_links":{"self":[{"href":"http:\/\/anatem.info\/index.php?rest_route=\/wp\/v2\/posts\/140","targetHints":{"allow":["GET"]}}],"collection":[{"href":"http:\/\/anatem.info\/index.php?rest_route=\/wp\/v2\/posts"}],"about":[{"href":"http:\/\/anatem.info\/index.php?rest_route=\/wp\/v2\/types\/post"}],"author":[{"embeddable":true,"href":"http:\/\/anatem.info\/index.php?rest_route=\/wp\/v2\/users\/2"}],"replies":[{"embeddable":true,"href":"http:\/\/anatem.info\/index.php?rest_route=%2Fwp%2Fv2%2Fcomments&post=140"}],"version-history":[{"count":6,"href":"http:\/\/anatem.info\/index.php?rest_route=\/wp\/v2\/posts\/140\/revisions"}],"predecessor-version":[{"id":1299,"href":"http:\/\/anatem.info\/index.php?rest_route=\/wp\/v2\/posts\/140\/revisions\/1299"}],"wp:attachment":[{"href":"http:\/\/anatem.info\/index.php?rest_route=%2Fwp%2Fv2%2Fmedia&parent=140"}],"wp:term":[{"taxonomy":"category","embeddable":true,"href":"http:\/\/anatem.info\/index.php?rest_route=%2Fwp%2Fv2%2Fcategories&post=140"},{"taxonomy":"post_tag","embeddable":true,"href":"http:\/\/anatem.info\/index.php?rest_route=%2Fwp%2Fv2%2Ftags&post=140"}],"curies":[{"name":"wp","href":"https:\/\/api.w.org\/{rel}","templated":true}]}}