{"id":1757,"date":"2015-10-07T01:49:44","date_gmt":"2015-10-07T01:49:44","guid":{"rendered":"http:\/\/anatem.info\/?p=1757"},"modified":"2015-10-07T01:49:44","modified_gmt":"2015-10-07T01:49:44","slug":"debut-de-detente-entre-le-maroc-et-la-suede-selon-la-delegation-marocaine-la-suede-na-pas-lintention-de-prendre-de-decision-hostiles-au-maroc","status":"publish","type":"post","link":"http:\/\/anatem.info\/?p=1757","title":{"rendered":"D\u00e9but de d\u00e9tente entre le Maroc et la Su\u00e8de? Selon la d\u00e9l\u00e9gation marocaine, la Su\u00e8de n\u2019a pas l\u2019intention de prendre de d\u00e9cision \u00ab hostiles \u00bb au Maroc."},"content":{"rendered":"<p>D\u00e9but de d\u00e9tente entre le Maroc et la Su\u00e8de, ou simples formules diplomatiques? Lors de sa r\u00e9union avec la d\u00e9l\u00e9gation des partis de la gauche marocaine, la secr\u00e9taire d\u2019Etat su\u00e9doise Annika Soder a expliqu\u00e9 que son pays\u00a0<em>\u00abn\u2019a pas pris et n\u2019a pas l\u2019intention de prendre de d\u00e9cisions pouvant \u00eatre consid\u00e9r\u00e9es comme hostiles au Maroc ou contre la l\u00e9galit\u00e9 internationale\u00bb<\/em>. C\u2019est ce qu\u2019ont confirm\u00e9 les membres de la d\u00e9l\u00e9gation des partis de gauche marocaine qui se sont rendus en Su\u00e8de le 4 octobre, cit\u00e9 par MAP. Et d\u2019ajouter que \u00ab<em>la secr\u00e9taire d\u2019\u00e9tat a indiqu\u00e9 qu\u2019il n\u2019y a ni reconnaissance de la RASD ni volont\u00e9 de contrarier les int\u00e9r\u00eats \u00e9conomiques du Maroc<\/em>\u00bb.<\/p>\n<p>La d\u00e9l\u00e9gation marocaine a pour sa part insist\u00e9 lors de cette rencontre sur <em>\u00ab\u00a0la n\u00e9cessit\u00e9 de lever les ambigu\u00eft\u00e9s et les malentendus concernant la question du Sahara de la part de la Su\u00e8de et de comprendre la complexit\u00e9 de la situation sur le terrain et l\u2019historique des efforts de l\u2019ONU pour trouver un compromis n\u00e9goci\u00e9 et durable de ce diff\u00e9rend r\u00e9gional\u00a0\u00bb,<\/em> poursuit la m\u00eame source.<\/p>\n<div class=\"insert-post-ads\">La chefe de la d\u00e9l\u00e9gation marocaine, Nabila Mounib, a d\u00e9clar\u00e9 pour sa part \u00e0 travers les r\u00e9seaux sociaux que la rencontre avec\u00a0Annika Soder s\u2019est pass\u00e9e \u00ab\u00a0dans un climat de confiance et d\u2019\u00e9coute\u00a0\u00bb. Elle a annonc\u00e9 avoir \u00e9galement rencontr\u00e9 les directeurs d\u2019\u00a0\u00bbunit\u00e9s de recherche\u00a0\u00bb.<\/div>\n<p>Apr\u00e8s cette rencontre avec la secr\u00e9taire d\u2019Etat su\u00e9doise aux affaires \u00e9trang\u00e8res, la d\u00e9l\u00e9gation rencontrera ce 6 octobre des parlementaires sur cette m\u00eame question.<\/p>\n<p>Pour rappel, le Maroc a d\u00e9cid\u00e9 de boycotter des soci\u00e9t\u00e9s su\u00e9doises en r\u00e9action du projet de loi de reconna\u00eetre le polisario et au boycott dont le royaume du Maroc estime \u00eatre victime.<\/p>\n<p>Source : telquel.ma<\/p>\n","protected":false},"excerpt":{"rendered":"<p>D\u00e9but de d\u00e9tente entre le Maroc et la Su\u00e8de, ou simples formules diplomatiques? Lors de sa r\u00e9union avec la d\u00e9l\u00e9gation<\/p>\n","protected":false},"author":2,"featured_media":1736,"comment_status":"closed","ping_status":"closed","sticky":false,"template":"","format":"standard","meta":{"footnotes":""},"categories":[3,5,8],"tags":[],"class_list":["post-1757","post","type-post","status-publish","format-standard","has-post-thumbnail","hentry","category-accueil","category-maghreb-news","category-provinces-du-sud"],"_links":{"self":[{"href":"http:\/\/anatem.info\/index.php?rest_route=\/wp\/v2\/posts\/1757","targetHints":{"allow":["GET"]}}],"collection":[{"href":"http:\/\/anatem.info\/index.php?rest_route=\/wp\/v2\/posts"}],"about":[{"href":"http:\/\/anatem.info\/index.php?rest_route=\/wp\/v2\/types\/post"}],"author":[{"embeddable":true,"href":"http:\/\/anatem.info\/index.php?rest_route=\/wp\/v2\/users\/2"}],"replies":[{"embeddable":true,"href":"http:\/\/anatem.info\/index.php?rest_route=%2Fwp%2Fv2%2Fcomments&post=1757"}],"version-history":[{"count":1,"href":"http:\/\/anatem.info\/index.php?rest_route=\/wp\/v2\/posts\/1757\/revisions"}],"predecessor-version":[{"id":1758,"href":"http:\/\/anatem.info\/index.php?rest_route=\/wp\/v2\/posts\/1757\/revisions\/1758"}],"wp:featuredmedia":[{"embeddable":true,"href":"http:\/\/anatem.info\/index.php?rest_route=\/wp\/v2\/media\/1736"}],"wp:attachment":[{"href":"http:\/\/anatem.info\/index.php?rest_route=%2Fwp%2Fv2%2Fmedia&parent=1757"}],"wp:term":[{"taxonomy":"category","embeddable":true,"href":"http:\/\/anatem.info\/index.php?rest_route=%2Fwp%2Fv2%2Fcategories&post=1757"},{"taxonomy":"post_tag","embeddable":true,"href":"http:\/\/anatem.info\/index.php?rest_route=%2Fwp%2Fv2%2Ftags&post=1757"}],"curies":[{"name":"wp","href":"https:\/\/api.w.org\/{rel}","templated":true}]}}