{"id":1760,"date":"2015-10-10T21:36:36","date_gmt":"2015-10-10T21:36:36","guid":{"rendered":"http:\/\/anatem.info\/?p=1760"},"modified":"2015-10-10T21:36:36","modified_gmt":"2015-10-10T21:36:36","slug":"de-retour-de-suede-les-partis-de-gauche-plaident-pour-une-diplomatie-participative-et-credible","status":"publish","type":"post","link":"http:\/\/anatem.info\/?p=1760","title":{"rendered":"De retour de Su\u00e8de,  les partis de gauche  plaident pour une diplomatie participative et cr\u00e9dible"},"content":{"rendered":"<h4><strong>Selon Nabila Mounib, le Polisario \u00ab\u00a0a su d\u00e9velopper un discours sur la th\u00e9matique des droits de l\u2019Homme et la d\u00e9mocratie \u00e0 laquelle la soci\u00e9t\u00e9 de ce pays scandinave est tr\u00e8s sensible. Les politiques et responsables de Su\u00e8de n\u2019ont jamais entendu le son de cloche marocain\u00a0\u00bb<\/strong><\/h4>\n<p>Moins de 48 heures apr\u00e8s leur retour de Su\u00e8de, les quatre membres de la d\u00e9l\u00e9gation compos\u00e9e de trois partis appartenant \u00e0 la gauche marocaine ont rencontr\u00e9 le 9 octobre courant \u00e0 Rabat \u00a0la presse pour faire le\u00a0 bilan de ce voyage.<\/p>\n<p>Deux femmes et deux hommes dont le c\u0153ur bat \u00e0 gauche \u2013Nabila Mounib, la SG du PSU, Rachida Tahri, la parlementaire PPS, Mohamed Benabdelkader membre du BP de l\u2019USFP et M. Bouaziz, l\u2019historien appartenant au PSU-\u00a0 ont livr\u00e9 leurs\u00a0 toutes premi\u00e8res impressions d\u2019un retour de voyage dans un pays, la Su\u00e8de, d\u00e9sert\u00e9 par la diplomatie officielle et celle parall\u00e8le marocaines.<\/p>\n<p>Le premier constat tombe comme un couperet. Les Su\u00e9dois, explique d\u2019embl\u00e9e Nabila Mounib, m\u00e9connaissent la question du Sahara. Celle qui a pr\u00e9sid\u00e9 la d\u00e9l\u00e9gation marocaine \u00e9voque la pr\u00e9sence active des s\u00e9paratistes du Polisario qui ont investi la soci\u00e9t\u00e9 civile su\u00e9doise, les centres de recherches, les partis politiques. \u00a0\u00ab\u00a0Ils ont su d\u00e9velopper un discours sur la th\u00e9matique des droits de l\u2019Homme et la d\u00e9mocratie auquel la soci\u00e9t\u00e9 de ce pays scandinave est tr\u00e8s sensible. Les politiques et responsables de Su\u00e8de n\u2019ont jamais entendu le son de cloche marocain.\u00a0 Nous leur avons dit que la paix n\u2019est pas dans la reconnaissance d\u2019une entit\u00e9 \u00e9tatique dont les ficelles sont tir\u00e9es par l\u2019Alg\u00e9rie. Nous leur avons fait savoir que la Su\u00e8de peut jouer un r\u00f4le dans la paix dans cette r\u00e9gion du Sud de la m\u00e9diterran\u00e9e.\u00a0 Nous leur avons expliqu\u00e9 qu\u2019il ne s\u2019agissait pas d\u2019une question de d\u00e9colonisation. Nous avons essay\u00e9 de leur faire comprendre que l\u2019affaire du Sahara est celle d\u2019un peuple\u00a0 au Maroc et d\u2019un r\u00e9gime\u00a0 uniquement en ce qui concerne l\u2019Alg\u00e9rie\u00a0\u00bb, rapporte la leader du PSU.<\/p>\n<h4><strong>\u00ab\u00a0L\u2019Histoire n\u2019avance pas avec des ruptures\u00a0\u00bb<\/strong><\/h4>\n<p>Au cours de leurs\u00a0 entretiens avec le vice-pr\u00e9sident du parlement Su\u00e9dois, la secr\u00e9taire d\u2019Etat aux Affaires \u00e9trang\u00e8res, des repr\u00e9sentants de partis politiques tels que les Verts et les sociaux d\u00e9mocrates, des pr\u00e9sidents de Think-tank et de centres de recherches et des repr\u00e9sentants de la soci\u00e9t\u00e9 civile, l\u2019initiative marocaine a \u00e9t\u00e9 pr\u00e9sent\u00e9e comme \u00ab\u00a0une conception tr\u00e8s avanc\u00e9e de l\u2019autonomie qui pr\u00e9serve la paix\u00a0\u00bb. La rencontre avec le pr\u00e9sident de la commission \u00ab\u00a0Al Qods\u00a0\u00bb \u00e0 l\u2019origine de la reconnaissance de la Palestine par la Su\u00e8de a \u00e9t\u00e9 extr\u00eamement b\u00e9n\u00e9fique.<\/p>\n<p>Trois jours charg\u00e9s et un agenda bien rempli que\u00a0 la PPS Rachida Tahri n\u2019est pas pr\u00eate d\u2019oublier. \u00ab\u00a0Et nous n\u2019avons pas jou\u00e9 aux pompiers\u00a0\u00bb, se d\u00e9fend-t-elle.<\/p>\n<p>A tous leurs interlocuteurs, les Marocains de gauche ont dit et redit leur profonde conviction\u00a0: la cr\u00e9ation d\u2019un Etat dans la r\u00e9gion mettra en danger la paix dans cette partie du monde d\u00e9j\u00e0 mal en point.<\/p>\n<p>C\u2019est bien la premi\u00e8re fois qu\u2019un dialogue politique institutionnel a \u00e9t\u00e9 ouvert entre les partis de gauche su\u00e9dois et marocains. Toutes les rencontres ont \u00e9t\u00e9 organis\u00e9es sous la coupole du Parlement. \u00ab\u00a0Nos interlocuteurs su\u00e9dois \u00e9taient surpris. Nous leur avons juste demand\u00e9 de nous \u00e9couter. Et quand ils l\u2019ont fait, ils ont d\u00e9couvert un nouveau discours\u00a0\u00bb, affirme l\u2019usfp\u00e9iste\u00a0 Mohamed Benabdelkader.\u00a0 \u00a0La Su\u00e8de reconna\u00eetra \u2013t-elle ou pas la RASD\u00a0? Ce responsable socialiste\u00a0 tr\u00e8s actif dans le cadre de l\u2019Internationale socialiste est confiant. Il faut savoir, dit-il, d\u00e9crypter le langage diplomatique. Une \u00e9valuation interne de la question du Sahara est en train d\u2019\u00eatre faite par les Su\u00e9dois.\u00a0 \u00ab\u00a0Et les responsables que nous avons rencontr\u00e9s ont \u00e9t\u00e9 clairs. Seul un Etat qui remplit les trois crit\u00e8res d\u00e9finis par le droit international (terre, population et autorit\u00e9 sur la population) peut pr\u00e9tendre \u00e0 la reconnaissance. Ce qui est loin d\u2019\u00eatre le cas pour le Polisario\u00a0\u00bb, soutient Mohamed Benadelkader.<\/p>\n<p>Le probl\u00e8me n\u2019est pas pour autant r\u00e9solu alors que les s\u00e9paratistes sont en campagne mondiale pour les 40 ans de la cr\u00e9ation du Polisario.\u00a0 Celles et ceux de la d\u00e9l\u00e9gation marocaine de\u00a0 gauche qui vient de rentrer de Stockholm en appellent \u00e0 la mise en \u0153uvre d\u2019une diplomatie participative avec l\u2019association d\u2019acteurs politiques et ceux de la soci\u00e9t\u00e9 civile cr\u00e9dibles. Une approche globale et offensive doit \u00eatre \u00e9galement \u00e9labor\u00e9e en direction des pays scandinaves et des Etats qui m\u00e9connaissent la position marocaine sur le Sahara. La d\u00e9mocratie, les libert\u00e9s et le respect des droits humains doivent \u00eatre au c\u0153ur de l\u2019argumentaire du Maroc.\u00a0 Ce sont autant de conclusions que les membres de la d\u00e9l\u00e9gation ont partag\u00e9 jeudi avec les officiels marocains dont le ministre d\u00e9l\u00e9gu\u00e9 \u00e0 l\u2019int\u00e9rieur et la secr\u00e9taire d\u2019Etat aux affaires \u00e9trang\u00e8res.<\/p>\n<p>Le mot de la fin appartient sans conteste \u00e0 l\u2019historien Mohamed Bouaziz. \u00ab\u00a0L\u2019Histoire n\u2019avance pas avec des ruptures. Les avanc\u00e9es historiques ont \u00e9t\u00e9 rendues gr\u00e2ce aux grands consensus\u00a0\u00bb.<\/p>\n","protected":false},"excerpt":{"rendered":"<p>Selon Nabila Mounib, le Polisario \u00ab\u00a0a su d\u00e9velopper un discours sur la th\u00e9matique des droits de l\u2019Homme et la d\u00e9mocratie<\/p>\n","protected":false},"author":2,"featured_media":0,"comment_status":"closed","ping_status":"closed","sticky":false,"template":"","format":"standard","meta":{"footnotes":""},"categories":[3,8],"tags":[],"class_list":["post-1760","post","type-post","status-publish","format-standard","hentry","category-accueil","category-provinces-du-sud"],"_links":{"self":[{"href":"http:\/\/anatem.info\/index.php?rest_route=\/wp\/v2\/posts\/1760","targetHints":{"allow":["GET"]}}],"collection":[{"href":"http:\/\/anatem.info\/index.php?rest_route=\/wp\/v2\/posts"}],"about":[{"href":"http:\/\/anatem.info\/index.php?rest_route=\/wp\/v2\/types\/post"}],"author":[{"embeddable":true,"href":"http:\/\/anatem.info\/index.php?rest_route=\/wp\/v2\/users\/2"}],"replies":[{"embeddable":true,"href":"http:\/\/anatem.info\/index.php?rest_route=%2Fwp%2Fv2%2Fcomments&post=1760"}],"version-history":[{"count":1,"href":"http:\/\/anatem.info\/index.php?rest_route=\/wp\/v2\/posts\/1760\/revisions"}],"predecessor-version":[{"id":1761,"href":"http:\/\/anatem.info\/index.php?rest_route=\/wp\/v2\/posts\/1760\/revisions\/1761"}],"wp:attachment":[{"href":"http:\/\/anatem.info\/index.php?rest_route=%2Fwp%2Fv2%2Fmedia&parent=1760"}],"wp:term":[{"taxonomy":"category","embeddable":true,"href":"http:\/\/anatem.info\/index.php?rest_route=%2Fwp%2Fv2%2Fcategories&post=1760"},{"taxonomy":"post_tag","embeddable":true,"href":"http:\/\/anatem.info\/index.php?rest_route=%2Fwp%2Fv2%2Ftags&post=1760"}],"curies":[{"name":"wp","href":"https:\/\/api.w.org\/{rel}","templated":true}]}}