{"id":1764,"date":"2015-10-10T21:48:01","date_gmt":"2015-10-10T21:48:01","guid":{"rendered":"http:\/\/anatem.info\/?p=1764"},"modified":"2015-10-10T21:48:01","modified_gmt":"2015-10-10T21:48:01","slug":"maroc-suede-les-conclusions-apaisantes-de-nabila-mounib","status":"publish","type":"post","link":"http:\/\/anatem.info\/?p=1764","title":{"rendered":"Maroc-Su\u00e8de: les conclusions apaisantes de Nabila Mounib"},"content":{"rendered":"<div class=\"article_text\">\n<p style=\"text-align: justify;\"><a href=\"http:\/\/anatem.info\/wp-content\/uploads\/2015\/10\/Nabila_Mounib_22-e1444513635107.jpg\"><img fetchpriority=\"high\" decoding=\"async\" class=\"size-full wp-image-1765 alignleft\" src=\"http:\/\/anatem.info\/wp-content\/uploads\/2015\/10\/Nabila_Mounib_22-e1444513635107.jpg\" alt=\"Nabila_Mounib_22\" width=\"350\" height=\"206\" \/><\/a>Sur sa page Facebook, Nabila Mounib (PSU) qui a conduit la d\u00e9l\u00e9gation politique marocaine \u00e0 Stockholm, tient des propos rassurants. Les d\u00e9clarations officielles de responsables su\u00e9dois vont dans le m\u00eame sens.<\/p>\n<p style=\"text-align: justify;\">Le premier <a href=\"https:\/\/www.facebook.com\/nabilamounib\/posts\/928490233898444?fref=nf&amp;pnref=story\">compte rendu de Nabila Mounib<\/a> peut tenir en quelques mots cl\u00e9s: \u201cl\u2019Etat de Su\u00e8de n\u2019a pas l\u2019intention de reconna\u00eetre la \u201cRasd\u201c. La Su\u00e8de ne veut pas toucher aux int\u00e9r\u00eats \u00e9conomiques du Maroc et veut encourager une solution pacifique ainsi que l\u2019\u00e9volution d\u00e9mocratique de toute la r\u00e9gion\u201c.<\/p>\n<h2 style=\"text-align: justify;\">Voici ce texte\u00a0de ce compte rendu:<\/h2>\n<p style=\"text-align: justify;\">\u201cLa rencontre entre la d\u00e9l\u00e9gation marocaine et les responsables de Su\u00e8de fut l&rsquo;occasion d&rsquo;apporter les \u00e9claircissements n\u00e9cessaires sur la complexit\u00e9 humaine et historique de la question et son \u00e9volution, et s&rsquo;est termin\u00e9e par un point de presse dont quelques conclusions peuvent \u00eatre r\u00e9sum\u00e9es comme suit;<\/p>\n<ul style=\"text-align: justify;\">\n<li>La Su\u00e8de ne comprend pas les inqui\u00e9tudes du Maroc<\/li>\n<li>L&rsquo;Etat de Su\u00e8de n&rsquo;a pas l&rsquo;intention de reconnaitre la RASD<\/li>\n<li>La Su\u00e8de n&rsquo;a pas l&rsquo;intention de toucher aux int\u00e9r\u00eats \u00e9conomiques du Maroc<\/li>\n<li>Le dialogue et la coop\u00e9ration devaient se poursuivre entre nos deux pays<\/li>\n<li>Les rencontres avec la Secr\u00e9taire d&rsquo;Etat aux affaires \u00e9trang\u00e8res, la commission des affaires \u00e9trang\u00e8re, les diff\u00e9rents partis PSD, Verts, Rassemblement des mod\u00e9r\u00e9s, le vice pr\u00e9sident du parlement su\u00e9dois, ont tous \u00e9t\u00e9 rassurants en affirmant qu&rsquo;il soutiendraient l&rsquo;effort onusien pour une solution politique pacifique.<\/li>\n<li>Il a \u00e9t\u00e9 pr\u00e9cis\u00e9 que l\u2019initiative marocaine est une conception tr\u00e8s avanc\u00e9e de l\u2019autonomie qui pr\u00e9serve la paix et permet de d\u00e9velopper l&rsquo;option d&rsquo;un grand Maghreb d\u00e9mocratique et fort \u00e9conomiquement ce qui pourrait immuniser notre r\u00e9gion contre les cons\u00e9quence de la crise sociale et de la menace terroriste rampante. La Su\u00e8de Etat de droit fortement attach\u00e9e aux droits humains et \u00e0 la paix dans le monde ne peut qu&rsquo;appuyer la paix dans notre r\u00e9gion maghr\u00e9bine\u201c.<\/li>\n<\/ul>\n<h2 style=\"text-align: justify;\" align=\"center\"><strong>La conf\u00e9rence de presse de la d\u00e9l\u00e9gation marocaine \u00e0 Stockholm<\/strong><\/h2>\n<p style=\"text-align: justify;\">La d\u00e9l\u00e9gation de partis marocains de gauche a estim\u00e9, au cours d&rsquo;une rencontre avec des m\u00e9dia su\u00e9dois et internationaux mercredi \u00e0 Stockholm, que la Su\u00e8de, \u00e0 travers ses hauts dirigeants et ses diff\u00e9rentes formations politiques, a donn\u00e9 des \u00ab\u00a0assurances\u00a0\u00bb quant \u00e0 sa position sur l&rsquo;int\u00e9grit\u00e9 territoriale du Maroc, tout en insistant sur la n\u00e9cessit\u00e9 de <strong>maintenir les canaux de dialogue<\/strong> avec le pays nordique sur ce dossier qui fait l&rsquo;unanimit\u00e9 dans le Royaume.<br \/>\n\u00ab\u00a0Apr\u00e8s avoir rencontr\u00e9 les responsables politiques su\u00e9dois, on serait peut \u00eatre rassur\u00e9s mais les voies du dialogues doivent rester ouvertes pour apporter toutes les \u00e9claircissements sur cette question\u00a0\u00bb, a indiqu\u00e9 la Secr\u00e9taire g\u00e9n\u00e9rale du Parti socialiste unifi\u00e9 (PSU), Nabila Mounib, en r\u00e9ponse \u00e0 une question sur l&rsquo;issue de cette visite et les perspectives de d\u00e9passer l&rsquo;actuelle tension entre Rabat et Stockholm.<br \/>\nA l&rsquo;instar des responsables politiques, les m\u00e9dia su\u00e9dois, venus en nombre assister \u00e0 cette conf\u00e9rence de presse dans un signe de l&rsquo;int\u00e9r\u00eat de l&rsquo;opinion publique du pays nordique, se sont surtout interrog\u00e9s sur les raisons de cette \u00ab\u00a0tension\u00a0\u00bb suscit\u00e9e, selon eux, \u00ab\u00a0de mani\u00e8re soudaine\u00a0\u00bb sur la position de leur pays sur le dossier du Sahara.<br \/>\n\u00ab\u00a0La question du Sahara int\u00e9resse tous les Marocains. En tant que partis de gauche, nous sommes pr\u00e9sents ici parce que le gouvernement su\u00e9dois a command\u00e9 une \u00e9valuation sur la situation au Sahara et nous sommes l\u00e0 pour apporter plus d&rsquo;\u00e9claircissements pour que cette \u00e9valuation soit compl\u00e8te\u00a0\u00bb, a d&#8217;embl\u00e9e expliqu\u00e9 Mme Mounib qui est accompagn\u00e9e, lors de ce d\u00e9placement, de <strong>Mohamed Ben Abdelkader de l&rsquo;USFP<\/strong>, de <strong>Mme Rachida Tahiri<\/strong> du Bureau politique du PPS et de <strong>Mostafa Bouaziz du PSU<\/strong>.<br \/>\n\u00ab\u00a0La Su\u00e8de a assur\u00e9 qu&rsquo;elle soutient les efforts de l&rsquo;ONU en vue d&rsquo;une solution pacifique et n\u00e9goci\u00e9e\u00a0\u00bb, ont en outre ajout\u00e9 les membres de la d\u00e9l\u00e9gation en pr\u00e9cisant, en r\u00e9action \u00e0 une question sur le faux parall\u00e9lisme r\u00e9gnant dans ce pays entre la question du Sahara et la cause palestinienne, avoir \u00ab\u00a0tr\u00e8s clairement expliqu\u00e9 qu&rsquo;il n&rsquo;y avait pas d&rsquo;amalgame \u00e0 faire entre les deux questions\u00a0\u00bb.<br \/>\nContrairement \u00e0 la <strong>Palestine<\/strong>, o\u00f9 un peuple a \u00e9t\u00e9 expuls\u00e9 de sa terre, la question du Sahara porte sur \u00ab\u00a0un diff\u00e9rend entre le Maroc et un groupe de s\u00e9paratistes h\u00e9berg\u00e9, financ\u00e9 et arm\u00e9 par le r\u00e9gime militaire alg\u00e9rien qui entend affaiblir le Maroc\u00a0\u00bb, a pr\u00e9cis\u00e9 \u00e0 cet \u00e9gard M. Ben Abdelkader, donnant au passage un bref aper\u00e7u historique sur la gen\u00e8se de ce conflit, son \u00e9volution au niveau de l&rsquo;ONU, ainsi que sur l&rsquo;initiative d&rsquo;autonomie propos\u00e9e par le Royaume pour offrir un compromis susceptible de clore d\u00e9finitivement ce dossier dans le respect de la l\u00e9galit\u00e9 internationale et pour la pr\u00e9servation de la paix et la stabilit\u00e9 au Maghreb.<br \/>\n\u00ab\u00a0L&rsquo;initiative d&rsquo;autonomie a \u00e9t\u00e9 consid\u00e9r\u00e9e par les Nations unies comme \u00e9tant le plan qu&rsquo;il faut appliquer car il permet aux populations locales de s&rsquo;autogouverner, d&rsquo;avoir leur propres instances avec de larges pr\u00e9rogatives sous souverainet\u00e9 marocaine\u00a0\u00bb, a ajout\u00e9 la chef du file du PSU.<br \/>\nEt d&rsquo;insister que \u00ab\u00a0la cr\u00e9ation d&rsquo;un Etat satellite sous tutelle du r\u00e9gime alg\u00e9rien va cr\u00e9er tellement de tensions dans la r\u00e9gion qu&rsquo;elle va entraver notre aspiration \u00e0 l&rsquo;\u00e9mancipation, \u00e0 la construction d\u00e9mocratique et au d\u00e9veloppement au niveau du grand Maghreb\u00a0\u00bb.<br \/>\nVu sa tradition pour promouvoir les droits et la paix dans le monde, la Su\u00e8de est appel\u00e9e \u00e0 soutenir la paix dans cette r\u00e9gion qui ne peut passer que par une solution n\u00e9goci\u00e9e sur la base de la proposition d&rsquo;autonomie qui pr\u00e9serve l&rsquo;unit\u00e9 du Maroc et permettrait d&rsquo;ouvrir les perspectives de d\u00e9mocratisation et de d\u00e9veloppement pour toute la r\u00e9gion, a insist\u00e9 de son c\u00f4t\u00e9 la d\u00e9put\u00e9e du PPS.<br \/>\n\u00ab\u00a0La question du Sahara est une cause juste. C&rsquo;est une cause \u00e0 laquelle les Marocains croient fermement. Nous avons des s\u00e9paratistes, que la Su\u00e8de \u00e9coute, mais nous avons aussi la grande majorit\u00e9 de Sahraouis qui ne le sont pas et que la Su\u00e8de n&rsquo;\u00e9coute pas\u00a0\u00bb, a encore indiqu\u00e9 la chef de la d\u00e9l\u00e9gation de partis marocains appelant les m\u00e9dia su\u00e9dois \u00e0 \u00e9clairer leur opinion publique pour que \u00ab\u00a0demain, la Su\u00e8de pr\u00e9serve ses droits et sa s\u00e9curit\u00e9 en pr\u00e9servant celle des autres\u00a0\u00bb.<br \/>\nA une question sur les moyens pouvant permettre la <strong>reprise du cours normal des relations maroco-su\u00e9doises<\/strong>, les membres des partis de gauche ont indiqu\u00e9 que pour eux, l&rsquo;objectif de la visite tend justement \u00ab\u00a0\u00e0 contribuer \u00e0 apaiser cette tension politique en clarifiant la situation et montrer que la tension \u00e9conomique ne sert ni le Maroc ni la Su\u00e8de\u00a0\u00bb.<br \/>\nLa Su\u00e8de devrait encourager les \u00e9changes \u00e9conomiques avec le Maroc, ont-ils indiqu\u00e9 en rappelant les positions n\u00e9gatives du pays nordiques au niveau de l&rsquo;Union europ\u00e9enne et ses initiatives r\u00e9p\u00e9t\u00e9es pour boycotter les produits marocains, autant de mesures qui sont contreproductives, \u00e0 leur avis, tant sur le plan \u00e9conomique que pour l&rsquo;effort en cours dans le Royaume pour davantage de d\u00e9mocratisation et d&rsquo;\u00e9quit\u00e9 sociale.<br \/>\nEn r\u00e9ponse \u00e0 une question sur l&rsquo;usine <strong>Ikea au Maroc<\/strong>, les membres de la d\u00e9l\u00e9gation ont expliqu\u00e9 <strong>qu&rsquo;il ne s&rsquo;agissait pas d&rsquo;une mesure de repr\u00e9sailles, mais d&rsquo;un probl\u00e8me administratif comme expliqu\u00e9 par les autorit\u00e9s locales<\/strong>, tout en indiquant <strong>s&rsquo;opposer, en tant que partis marocains, au recours \u00e0 l&rsquo;option du boycott \u00e9conomique<\/strong> autant de produits marocains par la Su\u00e8de que de produits su\u00e9dois par le Royaume.<\/p>\n<h2 style=\"text-align: justify;\" align=\"center\"><strong>Une d\u00e9claration de la porte-parole des Verts<\/strong><\/h2>\n<p style=\"text-align: justify;\">La d\u00e9put\u00e9e et porte-parole du Parti su\u00e9dois des Verts (au pouvoir), Pernilla Stalhammar, a affirm\u00e9 que <strong>la reconnaissance de la \u00ab\u00a0Rasd\u00a0\u00bb ne figure d\u00e9sormais pas dans le processus d&rsquo;examen de la question du Sahara, initi\u00e9 par le gouvernement de son pays.<\/strong><br \/>\n\u00ab\u00a0La reconnaissance n&rsquo;est pas dans le processus d&rsquo;examen men\u00e9 actuellement par les minist\u00e8res du D\u00e9veloppement de la Coop\u00e9ration internationale et des Affaires \u00e9trang\u00e8res\u00a0\u00bb, a-t-elle d\u00e9clar\u00e9 \u00e0 la MAP, \u00e0 l&rsquo;issue d&rsquo;une rencontre au si\u00e8ge du Parlement avec la d\u00e9l\u00e9gation de partis marocains de gauche en visite \u00e0 Stockholm.<br \/>\nMme Stalhammar a, \u00e0 cet effet, indiqu\u00e9 \u00ab\u00a0ne pas comprendre ce qui a d\u00e9clench\u00e9 la tension diplomatique avec le Maroc, dans la mesure o\u00f9 la prise de d\u00e9cision n&rsquo;est pas dans le processus\u00a0\u00bb.<br \/>\n\u00ab\u00a0Nous soutenons le processus de l&rsquo;ONU en vue d&rsquo;un r\u00e8glement politique de la question du Sahara\u00a0\u00bb, a affirm\u00e9 la responsable su\u00e9doise, dont le parti est membre de la coalition au pouvoir, conduite par le Premier ministre socio-d\u00e9mocrate, Stefan Lofven, depuis 2014.<br \/>\n\u00ab\u00a0Il est vraiment important que nous appuyions le processus de l&rsquo;ONU\u00a0\u00bb au sujet du conflit du Sahara\u00a0\u00bb, a-t-elle ajout\u00e9.<\/p>\n<p style=\"text-align: justify;\">Source : http:\/\/www.medias24.com<\/p>\n<\/div>\n","protected":false},"excerpt":{"rendered":"<p>Sur sa page Facebook, Nabila Mounib (PSU) qui a conduit la d\u00e9l\u00e9gation politique marocaine \u00e0 Stockholm, tient des propos rassurants.<\/p>\n","protected":false},"author":2,"featured_media":0,"comment_status":"closed","ping_status":"closed","sticky":false,"template":"","format":"standard","meta":{"footnotes":""},"categories":[3,8],"tags":[],"class_list":["post-1764","post","type-post","status-publish","format-standard","hentry","category-accueil","category-provinces-du-sud"],"_links":{"self":[{"href":"http:\/\/anatem.info\/index.php?rest_route=\/wp\/v2\/posts\/1764","targetHints":{"allow":["GET"]}}],"collection":[{"href":"http:\/\/anatem.info\/index.php?rest_route=\/wp\/v2\/posts"}],"about":[{"href":"http:\/\/anatem.info\/index.php?rest_route=\/wp\/v2\/types\/post"}],"author":[{"embeddable":true,"href":"http:\/\/anatem.info\/index.php?rest_route=\/wp\/v2\/users\/2"}],"replies":[{"embeddable":true,"href":"http:\/\/anatem.info\/index.php?rest_route=%2Fwp%2Fv2%2Fcomments&post=1764"}],"version-history":[{"count":1,"href":"http:\/\/anatem.info\/index.php?rest_route=\/wp\/v2\/posts\/1764\/revisions"}],"predecessor-version":[{"id":1766,"href":"http:\/\/anatem.info\/index.php?rest_route=\/wp\/v2\/posts\/1764\/revisions\/1766"}],"wp:attachment":[{"href":"http:\/\/anatem.info\/index.php?rest_route=%2Fwp%2Fv2%2Fmedia&parent=1764"}],"wp:term":[{"taxonomy":"category","embeddable":true,"href":"http:\/\/anatem.info\/index.php?rest_route=%2Fwp%2Fv2%2Fcategories&post=1764"},{"taxonomy":"post_tag","embeddable":true,"href":"http:\/\/anatem.info\/index.php?rest_route=%2Fwp%2Fv2%2Ftags&post=1764"}],"curies":[{"name":"wp","href":"https:\/\/api.w.org\/{rel}","templated":true}]}}