{"id":1952,"date":"2016-02-05T13:13:09","date_gmt":"2016-02-05T13:13:09","guid":{"rendered":"http:\/\/anatem.info\/?p=1952"},"modified":"2016-02-05T13:13:09","modified_gmt":"2016-02-05T13:13:09","slug":"le-roi-du-maroc-inaugure-une-centrale-solaire-geante-aux-portes-du-sahara","status":"publish","type":"post","link":"http:\/\/anatem.info\/?p=1952","title":{"rendered":"Le roi du Maroc inaugure une centrale solaire g\u00e9ante aux portes du Sahara"},"content":{"rendered":"<p style=\"text-align: justify;\">OUARZAZATE (Maroc), 4 f\u00e9v 2016 (AFP) &#8211; Le roi du Maroc Mohammed VI a inaugur\u00e9 jeudi \u00e0 Ouarzazate, aux portes du Sahara, l&rsquo;une des plus grandes centrales solaires au monde, \u00ab\u00a0Noor 1\u00a0\u00bb, premi\u00e8re \u00e9tape d&rsquo;un vaste projet destin\u00e9 \u00e0 doper la production d&rsquo;\u00e9nergies renouvelables du pays.<\/p>\n<p style=\"text-align: justify;\">Accompagn\u00e9 du chef du gouvernement Abdelilah Benkirane, le souverain a symboliquement donn\u00e9 le coup d&rsquo;envoi de la production de la centrale, situ\u00e9e \u00e0 une vingtaine de kilom\u00e8tres de Ouarzazate (sud), a constat\u00e9 un journaliste de l&rsquo;AFP.<\/p>\n<p style=\"text-align: justify;\">Ce lancement officiel, qui avait \u00e9t\u00e9 report\u00e9 sans explication en d\u00e9cembre dernier, s&rsquo;est d\u00e9roul\u00e9 en pr\u00e9sence de nombreux responsables marocains et \u00e9trangers, dont la ministre fran\u00e7aise de l&rsquo;Ecologie S\u00e9gol\u00e8ne Royal.<\/p>\n<p style=\"text-align: justify;\">Mme Royal s&rsquo;est f\u00e9licit\u00e9e de ce projet, jugeant qu&rsquo;il s&rsquo;agissait d&rsquo;un \u00ab\u00a0formidable espoir pour tous les pays qui ont beaucoup d&rsquo;ensoleillement et des terres d\u00e9sertiques\u00a0\u00bb et peuvent se servir des panneaux photovolta\u00efques pour produire de l&rsquo;\u00e9lectricit\u00e9.<\/p>\n<p style=\"text-align: justify;\">Aliment\u00e9e par de grands miroirs incurv\u00e9s align\u00e9s dans le d\u00e9sert, cette centrale \u00ab\u00a0Noor-I\u00a0\u00bb (\u00ab\u00a0lumi\u00e8re\u00a0\u00bb), d&rsquo;une puissance de 160 m\u00e9gawatts, est la premi\u00e8re d&rsquo;un parc solaire g\u00e9ant qui doit permettre \u00e0 l&rsquo;horizon 2018 de produire plus de 500 m\u00e9gawatts d&rsquo;\u00e9nergie photovolta\u00efque et de fournir de l&rsquo;\u00e9lectricit\u00e9 \u00e0 un million de foyers, selon ses concepteurs.<\/p>\n<p style=\"text-align: justify;\">Ce parc solaire fait partie d&rsquo;un ambitieux plan de d\u00e9veloppement des \u00e9nergies renouvelables qui doit permettre au Maroc de subvenir \u00e0 terme \u00e0 pr\u00e8s de la moiti\u00e9 de ses besoins \u00e9nerg\u00e9tiques par ce biais.<\/p>\n<p style=\"text-align: justify;\">En mati\u00e8re d&rsquo;\u00e9olien, le plus grand parc d&rsquo;Afrique (300 MW) a \u00e9t\u00e9 inaugur\u00e9 fin 2014 \u00e0 Tarfaya (sud-ouest).<\/p>\n<p style=\"text-align: justify;\">D\u00e9pourvu d&rsquo;hydrocarbures, le Maroc, un pays de 35 millions d&rsquo;habitants, veut profiter de son ensoleillement exceptionnel pour renforcer son ind\u00e9pendance \u00e9nerg\u00e9tique et faire face \u00e0 une consommation d&rsquo;\u00e9lectricit\u00e9 appel\u00e9e \u00e0 quadrupler d&rsquo;ici 2030.<\/p>\n<p style=\"text-align: justify;\">Le royaume entend disposer \u00e0 terme de cinq parcs solaires, afin de produire au total 2.000 m\u00e9gawatts d&rsquo;\u00e9lectricit\u00e9 photovolta\u00efque en 2020 et \u00e9viter ainsi l&rsquo;\u00e9mission de 3,7 millions de tonnes de CO2.<\/p>\n<p style=\"text-align: justify;\">La centrale de Ouarzazate constitue la premi\u00e8re pierre de ce programme. \u00ab\u00a0Elle est la traduction la plus aboutie de la volont\u00e9 du Maroc de se mettre en phase avec la lutte contre le changement climatique\u00a0\u00bb, a affirm\u00e9 jeudi l&rsquo;Union europ\u00e9enne dans un communiqu\u00e9.<\/p>\n<p style=\"text-align: justify;\">Lanc\u00e9e en 2013, la construction de la premi\u00e8re centrale a co\u00fbt\u00e9 plus de 600 millions d&rsquo;euros, financ\u00e9s par un partenariat public-priv\u00e9 impliquant entre autres la Banque africaine de d\u00e9veloppement (BAD), l&rsquo;Agence marocaine pour l&rsquo;\u00e9nergie solaire (Masen), l&rsquo;UE et des op\u00e9rateurs priv\u00e9s.<\/p>\n<p style=\"text-align: justify;\">La centrale de Ouarzazate sera exploit\u00e9e par un consortium compos\u00e9 de Masen et de la soci\u00e9t\u00e9 saoudienne Acwa Power, qui a \u00e9galement remport\u00e9, il y a un an, l&rsquo;appel d&rsquo;offres pour la deuxi\u00e8me phase du projet (\u00ab\u00a0Noor II et III\u00a0\u00bb).<\/p>\n<p style=\"text-align: justify;\">Preuve de l&rsquo;int\u00e9r\u00eat des investisseurs internationaux, une demi-douzaine de dossiers \u00e9taient en comp\u00e9tition pour \u00ab\u00a0Noor-II\u00a0\u00bb et \u00ab\u00a0Noor-III\u00a0\u00bb, parmi lesquels deux projets impliquant des entreprises fran\u00e7aises.<\/p>\n<p style=\"text-align: justify;\">Une quatri\u00e8me et derni\u00e8re tranche est programm\u00e9e.<\/p>\n<p style=\"text-align: justify;\">La premi\u00e8re centrale du parc de Ouarzazate utilise de grands miroirs cylindro-volta\u00efques, comme d&rsquo;autres centrales de grande capacit\u00e9 construites dans des zones arides, Solar One au Nevada (Etats-Unis) ou Andasol dans le sud de l&rsquo;Espagne. Ces derni\u00e8res ont des capacit\u00e9s plus faibles.<\/p>\n<p style=\"text-align: justify;\">En France, la centrale g\u00e9ante de Cestas, dans le sud-ouest, dot\u00e9e d&rsquo;une capacit\u00e9 de 300 MW utilise une technologie diff\u00e9rente.<\/p>\n<p style=\"text-align: justify;\">La mise en service officielle de \u00ab\u00a0Noor I\u00a0\u00bb marque une \u00e9tape dans le d\u00e9veloppement de l&rsquo;\u00e9nergie solaire en Afrique, un continent o\u00f9 600 millions de personnes n&rsquo;ont toujours pas acc\u00e8s \u00e0 l&rsquo;\u00e9lectricit\u00e9, selon des chiffres officiels.<\/p>\n<p style=\"text-align: justify;\">Lors de la conf\u00e9rence sur le climat COP-21 fin 2015 \u00e0 Paris, des responsables politiques avaient annonc\u00e9 une initiative dot\u00e9e de 10 milliards de dollars de financements publics (8,9 milliards d&rsquo;euros) pour doper \u00e0 300 gigawatts les capacit\u00e9s de production d&rsquo;\u00e9lectricit\u00e9 \u00e0 partir d&rsquo;\u00e9nergies renouvelables en Afrique d&rsquo;ici 2030.<\/p>\n<p style=\"text-align: justify;\">Le Maroc accueillera \u00e0 Marrakech, \u00e0 la fin 2016, la r\u00e9union de suivi du sommet de Paris, la COP-22.<\/p>\n","protected":false},"excerpt":{"rendered":"<p>OUARZAZATE (Maroc), 4 f\u00e9v 2016 (AFP) &#8211; Le roi du Maroc Mohammed VI a inaugur\u00e9 jeudi \u00e0 Ouarzazate, aux portes<\/p>\n","protected":false},"author":2,"featured_media":1836,"comment_status":"closed","ping_status":"closed","sticky":false,"template":"","format":"standard","meta":{"footnotes":""},"categories":[3,62,5,8],"tags":[],"class_list":["post-1952","post","type-post","status-publish","format-standard","has-post-thumbnail","hentry","category-accueil","category-afrique","category-maghreb-news","category-provinces-du-sud"],"_links":{"self":[{"href":"http:\/\/anatem.info\/index.php?rest_route=\/wp\/v2\/posts\/1952","targetHints":{"allow":["GET"]}}],"collection":[{"href":"http:\/\/anatem.info\/index.php?rest_route=\/wp\/v2\/posts"}],"about":[{"href":"http:\/\/anatem.info\/index.php?rest_route=\/wp\/v2\/types\/post"}],"author":[{"embeddable":true,"href":"http:\/\/anatem.info\/index.php?rest_route=\/wp\/v2\/users\/2"}],"replies":[{"embeddable":true,"href":"http:\/\/anatem.info\/index.php?rest_route=%2Fwp%2Fv2%2Fcomments&post=1952"}],"version-history":[{"count":1,"href":"http:\/\/anatem.info\/index.php?rest_route=\/wp\/v2\/posts\/1952\/revisions"}],"predecessor-version":[{"id":1953,"href":"http:\/\/anatem.info\/index.php?rest_route=\/wp\/v2\/posts\/1952\/revisions\/1953"}],"wp:featuredmedia":[{"embeddable":true,"href":"http:\/\/anatem.info\/index.php?rest_route=\/wp\/v2\/media\/1836"}],"wp:attachment":[{"href":"http:\/\/anatem.info\/index.php?rest_route=%2Fwp%2Fv2%2Fmedia&parent=1952"}],"wp:term":[{"taxonomy":"category","embeddable":true,"href":"http:\/\/anatem.info\/index.php?rest_route=%2Fwp%2Fv2%2Fcategories&post=1952"},{"taxonomy":"post_tag","embeddable":true,"href":"http:\/\/anatem.info\/index.php?rest_route=%2Fwp%2Fv2%2Ftags&post=1952"}],"curies":[{"name":"wp","href":"https:\/\/api.w.org\/{rel}","templated":true}]}}