{"id":1954,"date":"2016-02-05T13:14:57","date_gmt":"2016-02-05T13:14:57","guid":{"rendered":"http:\/\/anatem.info\/?p=1954"},"modified":"2016-02-05T13:14:57","modified_gmt":"2016-02-05T13:14:57","slug":"ouarzazate-noor-i-reflete-le-progres-technologique-tres-important-et-lengagement-du-maroc-dans-la-lutte-contre-le-changement-climatique-m-margallo","status":"publish","type":"post","link":"http:\/\/anatem.info\/?p=1954","title":{"rendered":"Ouarzazate : \u00ab\u00a0Noor I\u00a0\u00bb refl\u00e8te le \u00ab\u00a0progr\u00e8s technologique tr\u00e8s important\u00a0\u00bb et l'\u00a0\u00bbengagement\u00a0\u00bb du Maroc dans la lutte contre le changement climatique (M. Margallo)"},"content":{"rendered":"<p style=\"text-align: justify;\">Ouarzazate, 04 f\u00e9vr. 2016 (MAP) &#8211; La mise en service de la premi\u00e8re centrale du complexe solaire \u00ab\u00a0Noor-Ouarzazate\u00a0\u00bb, baptis\u00e9e \u00ab\u00a0Noor I\u00a0\u00bb, dont la c\u00e9r\u00e9monie a \u00e9t\u00e9 pr\u00e9sid\u00e9e, jeudi \u00e0 la Commune Ghessate (Province de Ouarzazate), par SM le Roi Mohammed VI, refl\u00e8te le \u00ab\u00a0progr\u00e8s technologique tr\u00e8s important\u00a0\u00bb atteint par le Maroc et l'\u00a0\u00bbengagement\u00a0\u00bb du Royaume dans la lutte contre le changement climatique, a affirm\u00e9 le ministre espagnol des Affaires \u00e9trang\u00e8res et de la coop\u00e9ration, Jos\u00e9 Manuel Garcia-Margallo.<\/p>\n<p style=\"text-align: justify;\">\u00ab\u00a0L&rsquo;inauguration de cette plateforme, la plus grande au monde, est un signe de modernit\u00e9, de progr\u00e8s technologique tr\u00e8s important et d&rsquo;engagement du Royaume dans la lutte contre le changement climatique\u00a0\u00bb, a soulign\u00e9 M. Margallo dans une d\u00e9claration \u00e0 la presse en marge de la c\u00e9r\u00e9monie de mise en service de cette centrale et le lancement officiel des travaux de r\u00e9alisation de la 2-\u00e8me et 3-\u00e8me centrales de ce m\u00e9gaprojet (Noor II et Noor III).<\/p>\n<p style=\"text-align: justify;\">Avec le lancement de cette centrale solaire, le Maroc \u00ab\u00a0deviendra un hub \u00e9nerg\u00e9tique pour le d\u00e9veloppement de l&rsquo;ensemble de l&rsquo;Afrique\u00a0\u00bb, a relev\u00e9 le chef de la diplomatie espagnole, assurant que son pays salue le plan int\u00e9gr\u00e9 mis en place par le Maroc dans le domaine \u00e9nerg\u00e9tique qui permettrait au Royaume de se positionner au \u00ab\u00a0premier rang mondial\u00a0\u00bb en la mati\u00e8re.<\/p>\n<p style=\"text-align: justify;\">M. Margallo s&rsquo;est, dans le m\u00eame sens, f\u00e9licit\u00e9 de la contribution d&rsquo;entreprises espagnoles \u00e0 la r\u00e9alisation de cette centrale solaire Noor I, faisant remarquer que ce projet est l&rsquo;illustration d&rsquo;une autre facette de la \u00ab\u00a0coop\u00e9ration tr\u00e8s \u00e9troite\u00a0\u00bb unissant le Maroc et l&rsquo;Espagne dans tous les domaines.<\/p>\n<p style=\"text-align: justify;\">Il a rappel\u00e9, \u00e0 cet \u00e9gard, que l&rsquo;Espagne est devenue le premier partenaire commercial du Maroc gr\u00e2ce \u00e0 l&rsquo;installation d&rsquo;un nombre important d&rsquo;entreprises ib\u00e9riques dans le Royaume. \u00ab\u00a0L&rsquo;objectif est d&rsquo;engager les plus grandes entreprises espagnoles sur le march\u00e9 marocain\u00a0\u00bb et le projet de Noor I est un \u00ab\u00a0bon exemple\u00a0\u00bb pour atteindre cet objectif, a-t-il dit.<\/p>\n","protected":false},"excerpt":{"rendered":"<p>Ouarzazate, 04 f\u00e9vr. 2016 (MAP) &#8211; La mise en service de la premi\u00e8re centrale du complexe solaire \u00ab\u00a0Noor-Ouarzazate\u00a0\u00bb, baptis\u00e9e \u00ab\u00a0Noor<\/p>\n","protected":false},"author":2,"featured_media":0,"comment_status":"closed","ping_status":"closed","sticky":false,"template":"","format":"standard","meta":{"footnotes":""},"categories":[3,62,5],"tags":[],"class_list":["post-1954","post","type-post","status-publish","format-standard","hentry","category-accueil","category-afrique","category-maghreb-news"],"_links":{"self":[{"href":"http:\/\/anatem.info\/index.php?rest_route=\/wp\/v2\/posts\/1954","targetHints":{"allow":["GET"]}}],"collection":[{"href":"http:\/\/anatem.info\/index.php?rest_route=\/wp\/v2\/posts"}],"about":[{"href":"http:\/\/anatem.info\/index.php?rest_route=\/wp\/v2\/types\/post"}],"author":[{"embeddable":true,"href":"http:\/\/anatem.info\/index.php?rest_route=\/wp\/v2\/users\/2"}],"replies":[{"embeddable":true,"href":"http:\/\/anatem.info\/index.php?rest_route=%2Fwp%2Fv2%2Fcomments&post=1954"}],"version-history":[{"count":1,"href":"http:\/\/anatem.info\/index.php?rest_route=\/wp\/v2\/posts\/1954\/revisions"}],"predecessor-version":[{"id":1955,"href":"http:\/\/anatem.info\/index.php?rest_route=\/wp\/v2\/posts\/1954\/revisions\/1955"}],"wp:attachment":[{"href":"http:\/\/anatem.info\/index.php?rest_route=%2Fwp%2Fv2%2Fmedia&parent=1954"}],"wp:term":[{"taxonomy":"category","embeddable":true,"href":"http:\/\/anatem.info\/index.php?rest_route=%2Fwp%2Fv2%2Fcategories&post=1954"},{"taxonomy":"post_tag","embeddable":true,"href":"http:\/\/anatem.info\/index.php?rest_route=%2Fwp%2Fv2%2Ftags&post=1954"}],"curies":[{"name":"wp","href":"https:\/\/api.w.org\/{rel}","templated":true}]}}