{"id":204,"date":"2013-02-09T17:53:01","date_gmt":"2013-02-09T17:53:01","guid":{"rendered":"http:\/\/anatem.info\/?p=204"},"modified":"2014-02-12T13:02:18","modified_gmt":"2014-02-12T13:02:18","slug":"204","status":"publish","type":"post","link":"http:\/\/anatem.info\/?p=204","title":{"rendered":"RESEAUTAGE DES MRE: DE NOUZHA CHEKROUNI A MAAZOUZ"},"content":{"rendered":"<p><strong>Maghribcom vient d\u2019\u00eatre relanc\u00e9 le 31 janvier dernier \u00e0  Casablanca. Nous ne disons pas \u00abn\u00e9\u00bb mais bel et bien \u00abrelanc\u00e9\u00bb; eu \u00e9gard  \u00e0 l\u2019initiatrice du concept\u2026 Car la naissance de ce concept (et il faut  rendre \u00e0 Nouzha Chekrouni ce qui appartient \u00e0 Nouzha Chekrouni) a eu  lieu le 25 mai 2007 sous le nom de FINCOME.<\/strong><\/p>\n<p>FINCOM (Forum International des Comp\u00e9tences Marocaines \u00e0 l\u2019\u00e9tranger)  sonnait comme un appel \u00e0 l\u2019intention de la diaspora marocaine pour venir  s\u2019investir et investir dans son pays d\u2019origine.<\/p>\n<p><strong>&#8211; FINCOME ? (O\u00f9 \u00eates vous?)<\/strong><\/p>\n<p>&#8211; Pr\u00e9sents ! Avaient r\u00e9pondu, le 26 et 27 mai 2007, \u00e0 Casablanca, 200 participants, \u00ab\u00a0<em>repr\u00e9sentant  la diaspora des r\u00e9sidents marocains \u00e0 l\u2019\u00e9tranger (MRE), jeunes et moins  jeunes, tous actifs et heureux de retrouver leur pays d\u2019origine<\/em> \u00bb (Raja Kantaoui, Le Matin)<\/p>\n<p>Lors du lancement officiel du FINCOME par le premier ministre marocain, il fut pr\u00e9cis\u00e9 qu\u2019il s\u2019agit d\u2019un \u00ab\u00a0<em>appel  aux diff\u00e9rentes comp\u00e9tences de la diaspora marocaine, pour accomplir  des missions, sur place et \/ ou \u00e0 distance, en appui ou dans le cadre  des programmes de d\u00e9veloppement de leur pays d\u2019origine, sur la base du  volontariat et d\u2019un engagement D\u00e9ontologique<\/em>\u00bb.<\/p>\n<p><strong>Le r\u00e9seautage des comp\u00e9tences marocaines \u00e0 travers un portail (<a href=\"http:\/\/www.foncome.ma\/\">www.foncome.ma<\/a>) fut lanc\u00e9.<\/strong><\/p>\n<p>Le chantier fut gigantesque, mais que peut faire un ministre dont le  d\u00e9partement n\u2019avait quasiment pas de budget et qui, en plus, \u00e9tait sous  la tutelle d\u2019un autre minist\u00e8re (Le minist\u00e8re des affaires \u00e9trang\u00e8res et  de la coop\u00e9ration) ?<\/p>\n<p>Le Maroc n\u2019a eu un vrai minist\u00e8re pour s\u2019occuper des MRE qu\u2019avec  l\u2019arriv\u00e9e de M. Mohammed Ameur. Tout en gardant dans l\u2019esprit le concept  et la strat\u00e9gie du FINCOME, le successeur de Mme Chekrouni aurait  privil\u00e9gi\u00e9 une approche bas\u00e9e sur un \u00abcontact humain direct\u00bb, s\u2019appuyant  sur le tissu associatif et sur sa nouvelle <a href=\"http:\/\/nwcustomtimbers.com\/\">see thru pokies<\/a> composante\u00a0: les r\u00e9seaux et  les forums des comp\u00e9tences marocaines \u00e0 l\u2019\u00e9tranger.<\/p>\n<p><strong>Les r\u00e9sultats seraient mitig\u00e9s.<\/strong><\/p>\n<p>Mais cette approche aura au moins le m\u00e9rite d\u2019avoir mis le doigt sur  le bobo\u00a0: Les MRE seraient encore traumatis\u00e9s par les s\u00e9quelles laiss\u00e9es  par les amicales (des ann\u00e9es de plomb) ainsi que par leurs dirigeants.\u00a0  La m\u00e9fiance est de mise et peu de vraies comp\u00e9tences embarquent dans le  tissu associatif aux structures et encadrement vieillissants.<\/p>\n<p>Or le fait de bouder les associations, ne signifierait pas un d\u00e9ni du  Maroc\u00a0: Ceux et celles qui ont \u00e0 c\u0153ur le d\u00e9veloppement de ce Maroc  veulent avoir des interlocuteurs directs (dans le pays d\u2019origine) et  rejetteraient toute forme de tutelle\u2026 Surtout celle venant  d\u2019associations dont le discours ne cesse de parler des g\u00e9n\u00e9rations  futures mais qui oublient de se regarder dans le miroir du temps pour  voir \u00e0 tel point certains de leurs cadres ont vieilli ! Ces m\u00eames  associations qui, dans leur myopie, n\u2019arrivent pas \u00e0 voir que les  \u00ab\u00a0g\u00e9n\u00e9rations de demain\u00a0\u00bb dont ils truffent leur discours d\u00e9mod\u00e9s sont  d\u00e9j\u00e0 celles d\u2019aujourd\u2019hui, celles des NTIC\u2026 Celles des r\u00e9seaux sociaux !  Et du coup les rives des mers et des oc\u00e9ans se confondent sous l\u2019effet  d\u2019un simple clic !<\/p>\n<p><strong>MAGRIBCOM vient \u00e0 point !<\/strong><\/p>\n<p>Il fut lanc\u00e9 par M. Maazouz comme on aurait lanc\u00e9 un (autre) jeu de  mots (Votre Maroc) auquel certains r\u00e9calcitrants seraient tent\u00e9s de  r\u00e9pondre comme le chanteur feu Fouiteh \u00ab<em>Aw malou lou !<\/em>\u00bb  (Qu\u2019est-ce qu\u2019il a notre Maroc?) . Mais le temps est aux r\u00e9ponses, aux  r\u00e9actions et aux prises de positions responsables\u00a0: Ce ne sont pas les  jeux de mots qui d\u00e9rangent mais l\u2019incapacit\u00e9 d\u2019aller jusqu\u2019au bout des  discours. MAGHRIBCOM est capable de faire sortir de vraies comp\u00e9tences  de leurs retraites !<\/p>\n<p><em><strong>Source : <a href=\"http:\/\/www.maroc-canada.info\" target=\"_blank\">Maroc Canada Info<\/a><\/strong><br \/><\/em><\/p>\n","protected":false},"excerpt":{"rendered":"<p>Maghribcom vient d\u2019\u00eatre relanc\u00e9 le 31 janvier dernier \u00e0 Casablanca. Nous ne disons pas \u00abn\u00e9\u00bb mais bel et bien \u00abrelanc\u00e9\u00bb;<\/p>\n","protected":false},"author":2,"featured_media":0,"comment_status":"open","ping_status":"open","sticky":false,"template":"","format":"standard","meta":{"footnotes":""},"categories":[4],"tags":[17,18,14,19,13,12],"class_list":["post-204","post","type-post","status-publish","format-standard","hentry","category-competences-mre","tag-competences-marocaines","tag-fincome","tag-maghreb","tag-maghribcom","tag-maroc","tag-provinces-du-sud-2"],"_links":{"self":[{"href":"http:\/\/anatem.info\/index.php?rest_route=\/wp\/v2\/posts\/204","targetHints":{"allow":["GET"]}}],"collection":[{"href":"http:\/\/anatem.info\/index.php?rest_route=\/wp\/v2\/posts"}],"about":[{"href":"http:\/\/anatem.info\/index.php?rest_route=\/wp\/v2\/types\/post"}],"author":[{"embeddable":true,"href":"http:\/\/anatem.info\/index.php?rest_route=\/wp\/v2\/users\/2"}],"replies":[{"embeddable":true,"href":"http:\/\/anatem.info\/index.php?rest_route=%2Fwp%2Fv2%2Fcomments&post=204"}],"version-history":[{"count":7,"href":"http:\/\/anatem.info\/index.php?rest_route=\/wp\/v2\/posts\/204\/revisions"}],"predecessor-version":[{"id":852,"href":"http:\/\/anatem.info\/index.php?rest_route=\/wp\/v2\/posts\/204\/revisions\/852"}],"wp:attachment":[{"href":"http:\/\/anatem.info\/index.php?rest_route=%2Fwp%2Fv2%2Fmedia&parent=204"}],"wp:term":[{"taxonomy":"category","embeddable":true,"href":"http:\/\/anatem.info\/index.php?rest_route=%2Fwp%2Fv2%2Fcategories&post=204"},{"taxonomy":"post_tag","embeddable":true,"href":"http:\/\/anatem.info\/index.php?rest_route=%2Fwp%2Fv2%2Ftags&post=204"}],"curies":[{"name":"wp","href":"https:\/\/api.w.org\/{rel}","templated":true}]}}