{"id":216,"date":"2013-02-11T19:20:21","date_gmt":"2013-02-11T19:20:21","guid":{"rendered":"http:\/\/anatem.info\/?p=216"},"modified":"2014-03-04T04:20:18","modified_gmt":"2014-03-04T04:20:18","slug":"le-mali-confirme-la-presence-de-membres-du-polisario-parmi-les-jihadistes","status":"publish","type":"post","link":"http:\/\/anatem.info\/?p=216","title":{"rendered":"Le Mali confirme la pr?sence de membres du Polisario parmi les jihadistes."},"content":{"rendered":"<h3>La duplicit\u00e9 alg\u00e9rienne et sa complicit\u00e9 avec les terroristes mises \u00e0 nu<\/h3>\n<p><span style=\"text-decoration: underline\">Source : www.Atlasinfo.fr\u00a0 du 8 F\u00e9vrier 2013<\/span><\/p>\n<p>Le ministre malien des Affaires \u00e9trang\u00e8res, Ti\u00e9man Coulibaly, a confirm\u00e9 la pr\u00e9sence parmi les groupes terroristes pourchass\u00e9s dans le Nord-Mali, de combattants issus des rangs du Polisario.<\/p>\n<p>\u00abIls n&rsquo;\u00e9taient que 500 jihadistes au d\u00e9part. Aujourd&rsquo;hui, ils sont entre 5.500 et 7.000 hommes. Ces groupes jihadistes ont \u00e9t\u00e9 rejoints par des jeunes sans perspectives y compris par des jeunes Sahraouis des camps\u00bb de Tindouf sous le contr\u00f4le du Polisario au sud de l&rsquo;Alg\u00e9rie, a-t-il d\u00e9clar\u00e9 dans un entretien publi\u00e9 mardi par le site d&rsquo;informations fran\u00e7ais Atlasinfo. <br \/> Face \u00e0 cette menace terroriste, M. Coulibaly a tenu \u00e0 remercier le Maroc pour son soutien au Mali, y compris sur les plans humanitaire, diplomatique et de la coop\u00e9ration militaire, rappelant que la r\u00e9solution 2085 pour permettre \u00e0 son pays de recouvrer son int\u00e9grit\u00e9 territoriale a \u00e9t\u00e9 vot\u00e9e sous la pr\u00e9sidence marocaine du Conseil de s\u00e9curit\u00e9 de l&rsquo;ONU. <br \/> \u00abLe Maroc a toujours soutenu et continue de soutenir le Mali et son int\u00e9grit\u00e9 territoriale. Nous comptons fortement sur ce soutien et sur la coop\u00e9ration avec le Maroc pour venir \u00e0 bout de cette menace terroriste\u00bb, a-t-il soulign\u00e9.<\/p>\n<p>De m\u00eame, a-t-il ajout\u00e9, \u00abnous comptons sur l&rsquo;aide et le soutien du Maroc qui est un pays fr\u00e8re avec lequel nous avons des relations historiques\u00bb et qui \u00aba \u00e9t\u00e9 le premier pays dont nous avons re\u00e7u une aide humanitaire, avec l&rsquo;envoi de plusieurs cargos\u00bb.<\/p>\n<p>\u00abAujourd&rsquo;hui, malgr\u00e9 notre situation tr\u00e8s difficile, le Maroc n&rsquo;a pas chang\u00e9 sa coop\u00e9ration avec le Mali. Il continue de recevoir nos \u00e9tudiants. Il nous a accord\u00e9 deux fois plus de bourses pour nos \u00e9tudiants que les ann\u00e9es pr\u00e9c\u00e9dentes et a continu\u00e9 \u00e0 accueillir nos officiers dans ses \u00e9coles et acad\u00e9mies militaires\u00bb, s&rsquo;est-il f\u00e9licit\u00e9.<\/p>\n<p>Pour sa part, le directeur du Centre europ\u00e9en pour le renseignement strat\u00e9gique et la s\u00e9curit\u00e9 (ESISC), Claude Moniquet, a affirm\u00e9, \u00e0 ce propos, que la crise malienne a r\u00e9v\u00e9l\u00e9 au grand jour \u00ab\u00a0la duplicit\u00e9 et l&rsquo;ambigu\u00eft\u00e9 alg\u00e9rienne\u00a0\u00bb.<\/p>\n<p>Il s&rsquo;est \u00e9galement demand\u00e9 comment l&rsquo;Alg\u00e9rie, qui pr\u00e9tend \u0153uvrer pour la paix dans la r\u00e9gion du Sahel, permet \u00e0 des centaines de Sahraouis de quitter les camps de Tindouf pour rejoindre les \u00e9l\u00e9ments d&rsquo;AQMI et du MUJAO au Nord du Mali.<\/p>\n<p>La pr\u00e9sence de volontaires jihadistes sahraouis au Mali suscite plusieurs interrogations, a-t-il dit, se demandant comment ces centaines de Sahraouis ont pu contourner l&rsquo;impressionnant dispositif s\u00e9curitaire d\u00e9ploy\u00e9 par l&rsquo;arm\u00e9e et les services de s\u00e9curit\u00e9 alg\u00e9riens autour des camps. <br \/> Pour cet expert des questions du terrorisme, le Polisario vit au minimum de trafic de drogues et d&rsquo;armes, \u00ab\u00a0un trafic men\u00e9 au nez et \u00e0 la barbe des services de s\u00e9curit\u00e9 alg\u00e9riens\u00a0\u00bb.<\/p>\n<p>Le d\u00e9tournement massif par le Polisario de l&rsquo;aide europ\u00e9enne avec la complicit\u00e9 de l&rsquo;arm\u00e9e et des autorit\u00e9s alg\u00e9riennes est un autre exemple de la duplicit\u00e9 alg\u00e9rienne, a-t-il conclu.<\/p>\n","protected":false},"excerpt":{"rendered":"<p>La duplicit\u00e9 alg\u00e9rienne et sa complicit\u00e9 avec les terroristes mises \u00e0 nu Source : www.Atlasinfo.fr\u00a0 du 8 F\u00e9vrier 2013 Le<\/p>\n","protected":false},"author":2,"featured_media":0,"comment_status":"open","ping_status":"open","sticky":false,"template":"","format":"standard","meta":{"footnotes":""},"categories":[8],"tags":[],"class_list":["post-216","post","type-post","status-publish","format-standard","hentry","category-provinces-du-sud"],"_links":{"self":[{"href":"http:\/\/anatem.info\/index.php?rest_route=\/wp\/v2\/posts\/216","targetHints":{"allow":["GET"]}}],"collection":[{"href":"http:\/\/anatem.info\/index.php?rest_route=\/wp\/v2\/posts"}],"about":[{"href":"http:\/\/anatem.info\/index.php?rest_route=\/wp\/v2\/types\/post"}],"author":[{"embeddable":true,"href":"http:\/\/anatem.info\/index.php?rest_route=\/wp\/v2\/users\/2"}],"replies":[{"embeddable":true,"href":"http:\/\/anatem.info\/index.php?rest_route=%2Fwp%2Fv2%2Fcomments&post=216"}],"version-history":[{"count":5,"href":"http:\/\/anatem.info\/index.php?rest_route=\/wp\/v2\/posts\/216\/revisions"}],"predecessor-version":[{"id":1003,"href":"http:\/\/anatem.info\/index.php?rest_route=\/wp\/v2\/posts\/216\/revisions\/1003"}],"wp:attachment":[{"href":"http:\/\/anatem.info\/index.php?rest_route=%2Fwp%2Fv2%2Fmedia&parent=216"}],"wp:term":[{"taxonomy":"category","embeddable":true,"href":"http:\/\/anatem.info\/index.php?rest_route=%2Fwp%2Fv2%2Fcategories&post=216"},{"taxonomy":"post_tag","embeddable":true,"href":"http:\/\/anatem.info\/index.php?rest_route=%2Fwp%2Fv2%2Ftags&post=216"}],"curies":[{"name":"wp","href":"https:\/\/api.w.org\/{rel}","templated":true}]}}