{"id":227,"date":"2013-02-12T16:40:52","date_gmt":"2013-02-12T16:40:52","guid":{"rendered":"http:\/\/anatem.info\/?p=227"},"modified":"2014-02-18T03:23:19","modified_gmt":"2014-02-18T03:23:19","slug":"gdeim-izik-quand-les-roles-des-victimes-et-des-coupables-sont-inverses","status":"publish","type":"post","link":"http:\/\/anatem.info\/?p=227","title":{"rendered":"Gdeim Izik : Quand les r?les des victimes et des coupables sont invers"},"content":{"rendered":"<div>\n<h3>Rabat : Le Mouvement Populaire (MP) est la 3\u00e8me force politique de la coalition gouvernementale, dont le secr\u00e9taire g\u00e9n\u00e9ral, Mohand Laenser, est ministre au gouvernement, charg\u00e9 du porte feuille de l\u2019int\u00e9rieur.<br \/><\/h3>\n<\/div>\n<div>\n<div>\n<div><img decoding=\"async\" src=\"http:\/\/www.emarrakech.info\/photo\/art\/default\/5215750-7783213.jpg?v=1360574223\" alt=\"Mohand Laenser\" \/><\/p>\n<div>(Sur la photo : Mohand Laenser)<\/div>\n<div>\n<div>\n<div>\n<div>\n<div>Le\u00a0<strong>MP<\/strong> s\u2019est dit \u00e9tonn\u00e9 de la position de \u00ab<strong>certaines parties appartenant aux milieux des droits de l&rsquo;Homme, aux plans national et international, qui cherchent \u00e0 inverser les r\u00f4les des victimes et des coupables dans l&rsquo;affaire du d\u00e9mant\u00e8lement du camp <\/strong>Gdeim Izik\u00bb.<\/div>\n<div>Par voie de communiqu\u00e9, le MP a estim\u00e9 que \u00ab<strong>ces positions sont politiciennes et contradictoires avec la noblesse des principes et valeurs des droits de l&rsquo;Homme, universellement reconnus, et qui pr\u00f4nent le respect du droit \u00e0 la vie, la justice et l&rsquo;\u00e9quit\u00e9<\/strong>\u00bb.<\/div>\n<div>Le MP appel\u00e9 \u00e0 prendre en compte \u00ab<strong>les sentiments des familles des victimes auxquelles il faut rendre justice, tout en plaidant pour la primaut\u00e9 de la loi, sans sombrer dans l&rsquo;instrumentalisation politique qui serait loin de toute objectivit\u00e9 et impartialit\u00e9<\/strong>\u00bb.<\/div>\n<div>Pour le MP, le proc\u00e8s des accus\u00e9s devant un tribunal militaire \u00ab<strong>est une mesure tout \u00e0 fait l\u00e9gale\u00bb dans \u00abun Etat souverain, de droit et de justice<\/strong>\u00bb.<\/div>\n<div>\u00ab<strong>Il s&rsquo;agit d&rsquo;une proc\u00e9dure parfaitement en phase avec la nature des crimes commis contre des militaires dans le cadre de cette affaire<\/strong>\u00bb, ajoute le communiqu\u00e9.<\/div>\n<div>Ces crimes, pr\u00e9cise le\u00a0<strong>MP<\/strong>, ne sont pas le r\u00e9sultat d&rsquo;un \u00e9change de violence, mais bien \u00ab<strong>d&rsquo;une agression unilat\u00e9rale orchestr\u00e9e par des ennemis de la Nation<\/strong>\u00bb.<\/div>\n<div>Le\u00a0<strong>proc\u00e8s des 24 accus\u00e9s<\/strong> d\u2019<strong>assassinat <\/strong>et de\u00a0<strong>mutilation <\/strong>de\u00a0<strong>cadavres <\/strong>de\u00a0<strong>11 \u00e9l\u00e9ments<\/strong> des\u00a0<strong>forces de l&rsquo;ordre<\/strong>, d\u00e9but\u00e9 le 1er f\u00e9vrier, se d\u00e9roule en pr\u00e9sence d&rsquo;<strong>observateurs nationaux <\/strong>et\u00a0<strong>internationaux<\/strong>, de plusieurs\u00a0<strong>associations <\/strong>des\u00a0<strong>droits de l&rsquo;Homme<\/strong> et d&rsquo;<strong>ONG<\/strong>.<\/div>\n<\/div>\n<div><\/div>\n<div>Source : Adam Sfali &#8211; Emarrakech le Lundi 11 F\u00e9vrier 2013 ( <a href=\"http:\/\/www.emarrakech.info\/M-P-Des-droit-de-l-hommistes-inversent-les-roles-des-victimes-et-des-coupables-de-Gdeim-Izik_a66987.html\">www.emarrakech.info<\/a> )<\/div>\n<\/div>\n<\/div>\n<\/div>\n<\/div>\n<\/div>\n<\/div>\n","protected":false},"excerpt":{"rendered":"<p>Rabat : Le Mouvement Populaire (MP) est la 3\u00e8me force politique de la coalition gouvernementale, dont le secr\u00e9taire g\u00e9n\u00e9ral, Mohand<\/p>\n","protected":false},"author":2,"featured_media":0,"comment_status":"open","ping_status":"open","sticky":false,"template":"","format":"standard","meta":{"footnotes":""},"categories":[8],"tags":[],"class_list":["post-227","post","type-post","status-publish","format-standard","hentry","category-provinces-du-sud"],"_links":{"self":[{"href":"http:\/\/anatem.info\/index.php?rest_route=\/wp\/v2\/posts\/227","targetHints":{"allow":["GET"]}}],"collection":[{"href":"http:\/\/anatem.info\/index.php?rest_route=\/wp\/v2\/posts"}],"about":[{"href":"http:\/\/anatem.info\/index.php?rest_route=\/wp\/v2\/types\/post"}],"author":[{"embeddable":true,"href":"http:\/\/anatem.info\/index.php?rest_route=\/wp\/v2\/users\/2"}],"replies":[{"embeddable":true,"href":"http:\/\/anatem.info\/index.php?rest_route=%2Fwp%2Fv2%2Fcomments&post=227"}],"version-history":[{"count":4,"href":"http:\/\/anatem.info\/index.php?rest_route=\/wp\/v2\/posts\/227\/revisions"}],"predecessor-version":[{"id":899,"href":"http:\/\/anatem.info\/index.php?rest_route=\/wp\/v2\/posts\/227\/revisions\/899"}],"wp:attachment":[{"href":"http:\/\/anatem.info\/index.php?rest_route=%2Fwp%2Fv2%2Fmedia&parent=227"}],"wp:term":[{"taxonomy":"category","embeddable":true,"href":"http:\/\/anatem.info\/index.php?rest_route=%2Fwp%2Fv2%2Fcategories&post=227"},{"taxonomy":"post_tag","embeddable":true,"href":"http:\/\/anatem.info\/index.php?rest_route=%2Fwp%2Fv2%2Ftags&post=227"}],"curies":[{"name":"wp","href":"https:\/\/api.w.org\/{rel}","templated":true}]}}