{"id":247,"date":"2013-02-21T18:57:36","date_gmt":"2013-02-21T18:57:36","guid":{"rendered":"http:\/\/anatem.info\/?p=247"},"modified":"2014-05-27T12:02:42","modified_gmt":"2014-05-27T12:02:42","slug":"maghreb-relations-occultes-entre-ansar-eddine-et-les-autorites-algeriennes","status":"publish","type":"post","link":"http:\/\/anatem.info\/?p=247","title":{"rendered":"Maghreb : Relations occultes entre Ansar-Eddine et les autorit?s alg?riennes."},"content":{"rendered":"<p>L\u2019ensemble des chancelleries occidentales sont en parfaite connaissance des connivences existantes entre les autorit\u00e9s alg\u00e9riennes et le groupe salafiste Ansar-Eddine, dont Iyad Ag Ghali, \u00e9tait leur interlocuteur privil\u00e9gi\u00e9s, lors de leurs diff\u00e9rentes m\u00e9diations dans le cadre du conflit opposant les touaregs maliens au pouvoir central du Mali, et ce depuis le d\u00e9but des ann\u00e9es 90.<\/p>\n<p>Depuis le d\u00e9but de l\u2019insurrection touareg en 2012, le principal souci des autorit\u00e9s alg\u00e9riennes \u00e9tait de diaboliser le Mouvement National de la Lib\u00e9ration de l\u2019Azawad (MNLA), par souci que ses intentions ind\u00e9pendantistes ne se propagent dans la r\u00e9gion.<\/p>\n<p>Alger a tent\u00e9 de propulser Ansar-Eddine au rang d\u2019interlocuteur dans le processus de n\u00e9gociations officielles aux d\u00e9pens du MNLA. Les d\u00e9clarations d\u2019Alger sont nombreuses et illustrent cette collusion.<\/p>\n<p>Pour arriver \u00e0 ce but, \u00a0les Services de Renseignement alg\u00e9riens ont fait appel \u00e0 leurs anciens contacts en la personne d\u2019Iyad Ag Ghali, afin d\u2019op\u00e9rer une scission au sein du MNLA et mettre sur pied une entit\u00e9 touareg \u00e0 connotation islamiste qui entrera en contact avec les groupes jihadistes d\u00e9ploy\u00e9s au nord du Mali, ce qui provoquera les foudres de la communaut\u00e9 internationale et entachera l\u2019image du MNLA dont les dol\u00e9ances n\u2019ont jamais d\u00e9pass\u00e9 le cadre politique.<\/p>\n<p>Depuis la cr\u00e9ation d\u2019Ansar Eddine, Iyad Ag Ghali a effectu\u00e9 en compagnie de ses proches lieutenants des visites \u00e0 Alger, o\u00f9 il a rencontr\u00e9 les responsables alg\u00e9riens qui ont orient\u00e9 l\u2019ensemble de ses d\u00e9marches.<\/p>\n<p>La famille d\u2019Iyad Ag Ghali a effectu\u00e9 \u00e9galement des d\u00e9placements en Alg\u00e9rie, \u00e0 l\u2019image de son \u00e9pouse qui a \u00e9t\u00e9 prise en charge par les autorit\u00e9s alg\u00e9riennes pour \u00eatre hospitalis\u00e9e \u00e0 l\u2019h\u00f4pital militaire d\u2019Ain Naaja en Alg\u00e9rie en juillet 2012.<\/p>\n<p>L\u2019Alg\u00e9rie a \u00e9quip\u00e9 et soutenu Ansar-Eddine, chaque mois 100.000 litres de carburant \u00e9taient achemin\u00e9s \u00e0 Kidal, QG d\u2019Ansar-Eddine, en plus des vivres et m\u00e9dicaments.<\/p>\n<p>Le mouvement Ansar Eddine, a re\u00e7u un soutien logistique important de la part des autorit\u00e9s alg\u00e9riennes, dont le plus \u00e9vident est celui re\u00e7u \u00e0 la veille de l\u2019assaut lanc\u00e9 contre les villes- garnisons maliennes de S\u00e9var\u00e9 et Mopti par Ansar Eddine et leurs acolytes d\u2019AQMI et du MUJAO, le 10.01.2013.<\/p>\n<p>Ce soutien apport\u00e9 par les autorit\u00e9s alg\u00e9riennes consist\u00e9 en l\u2019envoi de camions munis de carburant et de vivres, et ce, en plus des officiers de l\u2019arm\u00e9e alg\u00e9rienne qui se sont d\u00e9plac\u00e9s au nord malien pour offrir des sessions de formation au profit des combattants jihadistes.<\/p>\n","protected":false},"excerpt":{"rendered":"<p>L\u2019ensemble des chancelleries occidentales sont en parfaite connaissance des connivences existantes entre les autorit\u00e9s alg\u00e9riennes et le groupe salafiste Ansar-Eddine,<\/p>\n","protected":false},"author":2,"featured_media":0,"comment_status":"open","ping_status":"open","sticky":false,"template":"","format":"standard","meta":{"footnotes":""},"categories":[1],"tags":[],"class_list":["post-247","post","type-post","status-publish","format-standard","hentry","category-uncategorized"],"_links":{"self":[{"href":"http:\/\/anatem.info\/index.php?rest_route=\/wp\/v2\/posts\/247","targetHints":{"allow":["GET"]}}],"collection":[{"href":"http:\/\/anatem.info\/index.php?rest_route=\/wp\/v2\/posts"}],"about":[{"href":"http:\/\/anatem.info\/index.php?rest_route=\/wp\/v2\/types\/post"}],"author":[{"embeddable":true,"href":"http:\/\/anatem.info\/index.php?rest_route=\/wp\/v2\/users\/2"}],"replies":[{"embeddable":true,"href":"http:\/\/anatem.info\/index.php?rest_route=%2Fwp%2Fv2%2Fcomments&post=247"}],"version-history":[{"count":4,"href":"http:\/\/anatem.info\/index.php?rest_route=\/wp\/v2\/posts\/247\/revisions"}],"predecessor-version":[{"id":1204,"href":"http:\/\/anatem.info\/index.php?rest_route=\/wp\/v2\/posts\/247\/revisions\/1204"}],"wp:attachment":[{"href":"http:\/\/anatem.info\/index.php?rest_route=%2Fwp%2Fv2%2Fmedia&parent=247"}],"wp:term":[{"taxonomy":"category","embeddable":true,"href":"http:\/\/anatem.info\/index.php?rest_route=%2Fwp%2Fv2%2Fcategories&post=247"},{"taxonomy":"post_tag","embeddable":true,"href":"http:\/\/anatem.info\/index.php?rest_route=%2Fwp%2Fv2%2Ftags&post=247"}],"curies":[{"name":"wp","href":"https:\/\/api.w.org\/{rel}","templated":true}]}}