{"id":309,"date":"2013-04-05T09:12:23","date_gmt":"2013-04-05T09:12:23","guid":{"rendered":"http:\/\/anatem.info\/?p=309"},"modified":"2014-03-19T11:51:27","modified_gmt":"2014-03-19T11:51:27","slug":"maroc-france-casablanca-reserve-un-accueil-chaleurux-a-francois-hollande","status":"publish","type":"post","link":"http:\/\/anatem.info\/?p=309","title":{"rendered":"Maroc \/France : Casablanca r?serve un accueil chaleurux ? Fran?ois Hollande"},"content":{"rendered":"<p>Casablanca, 3 avr. 2013 (MAP) &#8211; Un accueil \u00e0 la fois grandiose et color\u00e9 a \u00e9t\u00e9 r\u00e9serv\u00e9, mercredi en d\u00e9but d&rsquo;apr\u00e8s-midi \u00e0 Casablanca, au pr\u00e9sident de la R\u00e9publique Fran\u00e7aise, M. Fran\u00e7ois Hollande, en visite officielle au Maroc \u00e0 l&rsquo;invitation de SM le Roi Mohammed VI.<\/p>\n<p>Venues nombreuses, les populations de la ville se sont mass\u00e9es tout aulong de l&rsquo;itin\u00e9raire emprunt\u00e9 par le cort\u00e8ge des deux chefs d&rsquo;Etat, entre l&rsquo;A\u00e9roport international Mohammed V et la  Place \u00ab\u00a0\u00a0\u00bbLemaigre Debreuil\u00a0\u00bb\u00a0\u00bb, r\u00e9servant un accueil enthousiaste et haut en couleurs \u00e0 l&rsquo;illustre h\u00f4te du Souverain.<\/p>\n<p>La foule nombreuse a exprim\u00e9 avec exub\u00e9rance sa\u00a0 joie et son all\u00e9gresse en ce jour faste de d\u00e9but de cette visite qui ne manquera pas d&rsquo;ajouter un nouveau jalon \u00e0 l&rsquo;\u00e9difice des relations s\u00e9culaires d&rsquo;amiti\u00e9 et de coop\u00e9ration unissant les deux pays et les deux peuples.<\/p>\n<p>Les drapeaux marocain et fran\u00e7ais flottaient c\u00f4te-\u00e0-c\u00f4te au-dessus des \u00e9difices et les portraits des deux chefs d&rsquo;Etat, SM le Roi Mohammed VI et le pr\u00e9sident Fran\u00e7ois Hollande, pavoisaient les principales art\u00e8res de Casablanca.<\/p>\n<p>A leur arriv\u00e9e \u00e0 la Place \u00ab\u00a0\u00a0\u00bbLemaigre Debreuil\u00a0\u00bb\u00a0\u00bb, SM le Roi Mohammed VI, accompagn\u00e9 de SAR le Prince H\u00e9ritier Moulay El Hassan et de SAR le Prince<\/p>\n<p>Moulay Rachid, et le pr\u00e9sident fran\u00e7ais ont pass\u00e9 en revue un d\u00e9tachement de la Marine Royale qui rendait les honneurs, avant d&rsquo;\u00eatre salu\u00e9s par le Wali de la r\u00e9gion du Grand Casablanca, gouverneur de la pr\u00e9fecture de Casablanca, M.<\/p>\n<p>Mohamed Boussaid et le pr\u00e9sident du Conseil de la ville, M. Mohamed Sajid, les \u00e9lus locaux et des personnalit\u00e9s civiles et militaires.<\/p>\n<p>Apr\u00e8s avoir \u00e9t\u00e9 convi\u00e9 \u00e0 la traditionnelle c\u00e9r\u00e9monie d&rsquo;offrande de lait et de dattes, M. Fran\u00e7ois Hollande a \u00e9t\u00e9 salu\u00e9 par les gouverneurs des pr\u00e9fectures du Grand Casablanca, les \u00e9lus et les repr\u00e9sentants des autorit\u00e9s locales.<\/p>\n<p>SM le Roi et son illustre h\u00f4te ont, \u00e0 cette occasion, tenu \u00e0 se m\u00ealer \u00e0 la foule venue nombreuse \u00e0 la place \u00ab\u00a0\u00a0\u00bbLeemaigre Debreuil\u00a0\u00bb\u00a0\u00bb, pour saluer les deux chefs d&rsquo;Etat, scander des vivats \u00e0 l&rsquo;adresse du Souverain et du pr\u00e9sident Hollande et glorifier l&rsquo;amiti\u00e9 maroco-fran\u00e7aise.<\/p>\n<p>Le Cort\u00e8ge des deux chefs d&rsquo;Etat s&rsquo;est dirig\u00e9 par la suite vers la Place du Mechouar du Palais Royal de Casablanca, escort\u00e9 par la fanfare et la cavalerie de la Garde Royale.<\/p>\n<p>Il est de tradition que la cavalerie de la  Garde royale fasse de telles parades chaque fois que le Souverain accueille de grands h\u00f4tes et figures de marque pour mettre en \u00e9vidence les dimensions particuli\u00e8res des relations bilat\u00e9rales et donner, comme en cette circonstance, la mesure des liens s\u00e9culaires unissant le Maroc et la France.<\/p>\n","protected":false},"excerpt":{"rendered":"<p>Casablanca, 3 avr. 2013 (MAP) &#8211; Un accueil \u00e0 la fois grandiose et color\u00e9 a \u00e9t\u00e9 r\u00e9serv\u00e9, mercredi en d\u00e9but<\/p>\n","protected":false},"author":2,"featured_media":0,"comment_status":"open","ping_status":"open","sticky":false,"template":"","format":"standard","meta":{"footnotes":""},"categories":[3,5],"tags":[],"class_list":["post-309","post","type-post","status-publish","format-standard","hentry","category-accueil","category-maghreb-news"],"_links":{"self":[{"href":"http:\/\/anatem.info\/index.php?rest_route=\/wp\/v2\/posts\/309","targetHints":{"allow":["GET"]}}],"collection":[{"href":"http:\/\/anatem.info\/index.php?rest_route=\/wp\/v2\/posts"}],"about":[{"href":"http:\/\/anatem.info\/index.php?rest_route=\/wp\/v2\/types\/post"}],"author":[{"embeddable":true,"href":"http:\/\/anatem.info\/index.php?rest_route=\/wp\/v2\/users\/2"}],"replies":[{"embeddable":true,"href":"http:\/\/anatem.info\/index.php?rest_route=%2Fwp%2Fv2%2Fcomments&post=309"}],"version-history":[{"count":4,"href":"http:\/\/anatem.info\/index.php?rest_route=\/wp\/v2\/posts\/309\/revisions"}],"predecessor-version":[{"id":1094,"href":"http:\/\/anatem.info\/index.php?rest_route=\/wp\/v2\/posts\/309\/revisions\/1094"}],"wp:attachment":[{"href":"http:\/\/anatem.info\/index.php?rest_route=%2Fwp%2Fv2%2Fmedia&parent=309"}],"wp:term":[{"taxonomy":"category","embeddable":true,"href":"http:\/\/anatem.info\/index.php?rest_route=%2Fwp%2Fv2%2Fcategories&post=309"},{"taxonomy":"post_tag","embeddable":true,"href":"http:\/\/anatem.info\/index.php?rest_route=%2Fwp%2Fv2%2Ftags&post=309"}],"curies":[{"name":"wp","href":"https:\/\/api.w.org\/{rel}","templated":true}]}}