{"id":3092,"date":"2018-02-16T15:47:59","date_gmt":"2018-02-16T15:47:59","guid":{"rendered":"http:\/\/anatem.info\/?p=3092"},"modified":"2018-02-16T15:47:59","modified_gmt":"2018-02-16T15:47:59","slug":"les-accointances-du-polisario-avec-daech-mises-a-nu-apres-le-demantelement-au-maroc-dune-cellule-terroriste-jihadiste","status":"publish","type":"post","link":"http:\/\/anatem.info\/?p=3092","title":{"rendered":"Les accointances du Polisario avec DAECH  mises \u00e0 nu apr\u00e8s le d\u00e9mant\u00e8lement au Maroc d&rsquo;une cellule terroriste jihadiste !"},"content":{"rendered":"<p>Sous l&rsquo;\u00e9gide du Roi Mohammed VI, dans la lutte contre le terrorisme qui frappe durement la France et bien d&rsquo;autres pays, les forces de s\u00e9curit\u00e9 marocaines viennent de d\u00e9manteler une nouvelle cellule terroriste inf\u00e9od\u00e9e \u00e0 DAECH.<br \/>\nAinsi, le 15 f\u00e9vrier 2018, les \u00e9l\u00e9ments du Bureau Central d&rsquo;Investigation Judiciaire (BCIJ) ont mis un terme \u00e0 une cellule terroriste, en lien avec DAECH et le polisario, s&rsquo;activant \u00e0 La\u00e2youne, Sal\u00e9 et Marrakech, compos\u00e9e de 03 dangereux terroristes \u00e2g\u00e9s de 24 \u00e0 34 ans, dont un revenait des camps de Tindouf, fief des terro-polisariens, qui se pr\u00e9paraient \u00e0 commettre des attentats terroristes \u00e0 l\u2019int\u00e9rieur du Maroc.<br \/>\nLe BCIJ, lors de ses recherches et ses perquisitions, a d\u00e9couvert nombre d\u2019\u00e9quipements \u00e9lectroniques et notamment une carte d\u2019identit\u00e9 d\u2019une des personnes arr\u00eat\u00e9es, d\u00e9livr\u00e9e par la pseudo-rasd, en plus d\u2019un habit militaire du polisario et d\u2019un fanion de cette entit\u00e9 fantoche.<br \/>\nCes terroristes polisariens, h\u00e9berg\u00e9s par les plus hauts responsables alg\u00e9riens, servent de force d&rsquo;appoint aux DAECHISTES qui circulent librement en Alg\u00e9rie pour d\u00e9stabiliser la Libye, la Tunisie, le Tchad, le Mali, le Niger, la Mauritanie et, bien s\u00fbr, le Maroc ainsi que d&rsquo;autres pays africains.<br \/>\nAussi, est-il temps que les esprits mal intentionn\u00e9s \u00e0 l&rsquo;encontre du Maroc sachent prendre la mesure des faits r\u00e9els et prouv\u00e9s, notamment ces avocats, ces journalistes, ces ONG&rsquo;s et ces politiciens anti-marocains par essence. Ils devraient s&rsquo;occuper plut\u00f4t de leur pays et demander l&rsquo;expulsion des soit disants repr\u00e9sentants du polisario de leur pays qui ne sont que des terroristes grassement pay\u00e9s par leurs sponsors que l&rsquo;on conna\u00eet bien.<br \/>\nFarid Mnebhi.<\/p>\n","protected":false},"excerpt":{"rendered":"<p>Sous l&rsquo;\u00e9gide du Roi Mohammed VI, dans la lutte contre le terrorisme qui frappe durement la France et bien d&rsquo;autres<\/p>\n","protected":false},"author":2,"featured_media":3093,"comment_status":"closed","ping_status":"closed","sticky":false,"template":"","format":"standard","meta":{"footnotes":""},"categories":[3,62,5,7,8],"tags":[],"class_list":["post-3092","post","type-post","status-publish","format-standard","has-post-thumbnail","hentry","category-accueil","category-afrique","category-maghreb-news","category-presse-marocaine","category-provinces-du-sud"],"_links":{"self":[{"href":"http:\/\/anatem.info\/index.php?rest_route=\/wp\/v2\/posts\/3092","targetHints":{"allow":["GET"]}}],"collection":[{"href":"http:\/\/anatem.info\/index.php?rest_route=\/wp\/v2\/posts"}],"about":[{"href":"http:\/\/anatem.info\/index.php?rest_route=\/wp\/v2\/types\/post"}],"author":[{"embeddable":true,"href":"http:\/\/anatem.info\/index.php?rest_route=\/wp\/v2\/users\/2"}],"replies":[{"embeddable":true,"href":"http:\/\/anatem.info\/index.php?rest_route=%2Fwp%2Fv2%2Fcomments&post=3092"}],"version-history":[{"count":1,"href":"http:\/\/anatem.info\/index.php?rest_route=\/wp\/v2\/posts\/3092\/revisions"}],"predecessor-version":[{"id":3094,"href":"http:\/\/anatem.info\/index.php?rest_route=\/wp\/v2\/posts\/3092\/revisions\/3094"}],"wp:featuredmedia":[{"embeddable":true,"href":"http:\/\/anatem.info\/index.php?rest_route=\/wp\/v2\/media\/3093"}],"wp:attachment":[{"href":"http:\/\/anatem.info\/index.php?rest_route=%2Fwp%2Fv2%2Fmedia&parent=3092"}],"wp:term":[{"taxonomy":"category","embeddable":true,"href":"http:\/\/anatem.info\/index.php?rest_route=%2Fwp%2Fv2%2Fcategories&post=3092"},{"taxonomy":"post_tag","embeddable":true,"href":"http:\/\/anatem.info\/index.php?rest_route=%2Fwp%2Fv2%2Ftags&post=3092"}],"curies":[{"name":"wp","href":"https:\/\/api.w.org\/{rel}","templated":true}]}}