{"id":311,"date":"2013-04-06T15:11:16","date_gmt":"2013-04-06T15:11:16","guid":{"rendered":"http:\/\/anatem.info\/?p=311"},"modified":"2014-01-11T22:07:24","modified_gmt":"2014-01-11T22:07:24","slug":"maroc-france-les-membres-du-parlement-marocain-saluent-le-discours-de-f-hollande-et-la-position-de-la-france-concernant-le-sahara","status":"publish","type":"post","link":"http:\/\/anatem.info\/?p=311","title":{"rendered":"Maroc \/ France : Les membres du Parlement marocain saluent le discours de F. Hollande et la position de la France concernant le Sahara"},"content":{"rendered":"<p><strong>Des membres des deux Chambres du parlement se sont f\u00e9licit\u00e9s du discours \u00ab\u00a0\u00a0\u00bbfort\u00a0\u00bb\u00a0\u00bb du pr\u00e9sident fran\u00e7ais Fran\u00e7ois Hollande, le 4 avril dernier devant l&rsquo;institution l\u00e9gislative, et de sa position \u00ab\u00a0\u00a0\u00bbferme et sans \u00e9quivoque\u00a0\u00bb\u00a0\u00bb en faveur du plan marocain d&rsquo;autonomie au Sahara.<\/strong><\/p>\n<p>Dans des d\u00e9clarations \u00e0 la MAP, les parlementaires ont dit hautement appr\u00e9cier l&rsquo;appui constant et sans ambages de Paris \u00e0 la proposition de large autonomie dans les provinces du sud et \u00ab\u00a0\u00a0\u00bbla volont\u00e9 affich\u00e9e par le chef de l&rsquo;Etat fran\u00e7ais d&rsquo;aller de l&rsquo;avant dans le raffermissement des relations bilat\u00e9rales dans tous les domaines\u00a0\u00bb\u00a0\u00bb.<\/p>\n<p>Pour le pr\u00e9sident du groupe Justice et d\u00e9veloppement (PJD) \u00e0 la  Chambre des repr\u00e9sentants, Abdellah Bouanou, le pr\u00e9sident Hollande s&rsquo;est prononc\u00e9 clairement en faveur de la relation strat\u00e9gique et historique entre le Maroc et la France \u00e0 diff\u00e9rents niveaux et a r\u00e9it\u00e9r\u00e9 la position de la France sur le dossier du Sahara en qualifiant de s\u00e9rieuse l&rsquo;initiative marocaine d&rsquo;autonomie.<\/p>\n<p>M. Hollande a \u00e9galement insist\u00e9 sur la dimension profonde du partenariat \u00e9conomique et la richesse des relations \u00e9conomiques entre les deux parties, a ajout\u00e9 M. Bouanou.<\/p>\n<p>De son c\u00f4t\u00e9, le pr\u00e9sident du groupe parlementaire du Parti Authenticit\u00e9 et modernit\u00e9 (PAM), Hakim Benchemass, a qualifi\u00e9 d'\u00a0\u00bb\u00a0\u00bbacquis majeur\u00a0\u00bb\u00a0\u00bb pour les relations bilat\u00e9rales le fait que Paris ait tenu \u00e0 r\u00e9affirmer son soutien \u00ab\u00a0\u00a0\u00bbpermanent et clair\u00a0\u00bb\u00a0\u00bb au plan d&rsquo;autonomie pr\u00e9sent\u00e9 en 2007 par le Royaume pour le r\u00e8glement de ce conflit qui n&rsquo;a que trop dur\u00e9.<\/p>\n<p>Le pr\u00e9sident fran\u00e7ais s&rsquo;est livr\u00e9 \u00e0 \u00ab\u00a0\u00a0\u00bbune lecture intelligente du capital cumul\u00e9 dans les relations entre les deux pays\u00a0\u00bb\u00a0\u00bb, a estim\u00e9 M. Benchemass, ajoutant que ce discours \u00ab\u00a0\u00a0\u00bbexplore de nouveaux horizons dans les relations maroco-fran\u00e7aises, bas\u00e9es sur un partenariat strat\u00e9gique solide b\u00e2ti dans une logique gagnant-gagnant\u00a0\u00bb\u00a0\u00bb.<\/p>\n<p>S&rsquo;exprimant au nom du groupe socialiste, Abdelali Domou a de son c\u00f4t\u00e9 soulign\u00e9 que le discours de M. Hollande affirme et consacre les orientations g\u00e9n\u00e9rales du partenariat entre le Maroc et la France, relevant \u00ab\u00a0\u00a0\u00bbune position claire\u00a0\u00bb\u00a0\u00bb du parti socialiste fran\u00e7ais vis-\u00e0-vis de la question du Sahara. C&rsquo;est la premi\u00e8re fois qu&rsquo;un ex-premier secr\u00e9taire du parti socialiste fran\u00e7ais exprime son soutien \u00e0 la proposition marocaine visant \u00e0 trouver une solution \u00e0 la question du Sahara, faisant, par la m\u00eame, une corr\u00e9lation entre l&rsquo;efficience d&rsquo;une telle proposition et les probl\u00e8mes qui secouent actuellement la r\u00e9gion du Sahel, a-t-il dit.<\/p>\n<p>M. Domou a estim\u00e9 qu&rsquo;il y avait des attentes de la part du peuple marocain et ses repr\u00e9sentants apr\u00e8s l&rsquo;arriv\u00e9e au pouvoir en France de M. Hollande quant aux orientations chez le cabinet socialiste en termes de soutien au Maroc. M.<\/p>\n<p>Hollande, a-t-il ajout\u00e9, a donn\u00e9 suite \u00e0 ces attentes en affirmant que le Maroc dans ses relations de partenariat avec la France constitue toujours une priorit\u00e9 et que le gouvernement socialiste compte renforcer, \u00e0 l&rsquo;instar des pr\u00e9c\u00e9dents cabinets fran\u00e7ais, l&rsquo;\u00e9volution des relations bilat\u00e9rales dans divers domaines, notamment politique, \u00e9conomique et culturel.<\/p>\n<p>Pour sa part, Mohamed Ansari, pr\u00e9sident du groupe istiqlalien de l&rsquo;Unit\u00e9 et de l&rsquo;\u00e9galitarisme \u00e0 la  Chambre des conseillers, a qualifi\u00e9 de \u00ab\u00a0\u00a0\u00bbfort\u00a0\u00bb\u00a0\u00bb le discours de M. Hollande. Ce discours, a-t-il poursuivi, est de nature \u00e0 donner une forte impulsion aux relations maroco-fran\u00e7aises, rappelant que le chef de l&rsquo;Etat fran\u00e7ais a affirm\u00e9 devant les repr\u00e9sentants du peuple, \u00ab\u00a0\u00a0\u00bbce qui a une forte charge symbolique\u00a0\u00bb\u00a0\u00bb, que son pays s&rsquo;engage toujours \u00e0 soutenir la premi\u00e8re cause des Marocains ainsi que la proposition du Royaume consistant \u00e0 accorder une large autonomie aux provinces du sud.<\/p>\n<p>Source : MAP<\/p>\n","protected":false},"excerpt":{"rendered":"<p>Des membres des deux Chambres du parlement se sont f\u00e9licit\u00e9s du discours \u00ab\u00a0\u00a0\u00bbfort\u00a0\u00bb\u00a0\u00bb du pr\u00e9sident fran\u00e7ais Fran\u00e7ois Hollande, le 4<\/p>\n","protected":false},"author":2,"featured_media":0,"comment_status":"open","ping_status":"open","sticky":false,"template":"","format":"standard","meta":{"footnotes":""},"categories":[3],"tags":[],"class_list":["post-311","post","type-post","status-publish","format-standard","hentry","category-accueil"],"_links":{"self":[{"href":"http:\/\/anatem.info\/index.php?rest_route=\/wp\/v2\/posts\/311","targetHints":{"allow":["GET"]}}],"collection":[{"href":"http:\/\/anatem.info\/index.php?rest_route=\/wp\/v2\/posts"}],"about":[{"href":"http:\/\/anatem.info\/index.php?rest_route=\/wp\/v2\/types\/post"}],"author":[{"embeddable":true,"href":"http:\/\/anatem.info\/index.php?rest_route=\/wp\/v2\/users\/2"}],"replies":[{"embeddable":true,"href":"http:\/\/anatem.info\/index.php?rest_route=%2Fwp%2Fv2%2Fcomments&post=311"}],"version-history":[{"count":5,"href":"http:\/\/anatem.info\/index.php?rest_route=\/wp\/v2\/posts\/311\/revisions"}],"predecessor-version":[{"id":762,"href":"http:\/\/anatem.info\/index.php?rest_route=\/wp\/v2\/posts\/311\/revisions\/762"}],"wp:attachment":[{"href":"http:\/\/anatem.info\/index.php?rest_route=%2Fwp%2Fv2%2Fmedia&parent=311"}],"wp:term":[{"taxonomy":"category","embeddable":true,"href":"http:\/\/anatem.info\/index.php?rest_route=%2Fwp%2Fv2%2Fcategories&post=311"},{"taxonomy":"post_tag","embeddable":true,"href":"http:\/\/anatem.info\/index.php?rest_route=%2Fwp%2Fv2%2Ftags&post=311"}],"curies":[{"name":"wp","href":"https:\/\/api.w.org\/{rel}","templated":true}]}}