{"id":317,"date":"2013-04-15T23:15:41","date_gmt":"2013-04-15T23:15:41","guid":{"rendered":"http:\/\/anatem.info\/?p=317"},"modified":"2014-02-14T21:05:21","modified_gmt":"2014-02-14T21:05:21","slug":"les-derniers-developpements-de-la-question-nationale-au-centre-dune-reunion-au-cabinet-royal","status":"publish","type":"post","link":"http:\/\/anatem.info\/?p=317","title":{"rendered":"Les derniers d?veloppements de la Question Nationale  au centre d&rsquo;une r?union au Cabinet Royal"},"content":{"rendered":"<table border=\"0\" cellspacing=\"0\" cellpadding=\"0\">\n<tbody>\n<tr>\n<td width=\"825\" valign=\"top\">\n<p>Rabat, 15   avr. 2013 (MAP) &#8211; Sur Hautes instructions de Sa Majest\u00e9 Le Roi, Que Dieu   L&rsquo;assiste, une r\u00e9union consacr\u00e9e aux derniers d\u00e9veloppements de la Question Nationale   s&rsquo;est tenue, lundi au Cabinet Royal, en pr\u00e9sence de Conseillers du Souverain,   du Chef du Gouvernement, des leaders des partis politiques, ainsi que de   plusieurs membres du Gouvernement, indique un communiqu\u00e9 du Cabinet Royal.<\/p>\n<p>Cette   r\u00e9union a \u00e9t\u00e9 consacr\u00e9e aux \u00ab\u00a0\u00a0\u00bbderniers d\u00e9veloppements concernant la Question Nationale   au sein des Nations Unies, et plus particuli\u00e8rement certaines initiatives   tendant \u00e0 d\u00e9naturer le mandat de la MINURSO\u00a0\u00bb\u00a0\u00bb, pr\u00e9cise le communiqu\u00e9,   dont voici le texte int\u00e9gral :<\/p>\n<p>\u00ab\u00a0\u00a0\u00bbSur Hautes instructions de Sa Majest\u00e9 Le Roi, Que Dieu   L&rsquo;assiste, une r\u00e9union consacr\u00e9e \u00e0 la Question Nationale   s&rsquo;est tenue aujourd&rsquo;hui au Cabinet Royal.<\/p>\n<p>A cette r\u00e9union ont pris part des Conseillers de   Sa Majest\u00e9 Le Roi, le Chef du Gouvernement, les leaders des partis politiques   ainsi que plusieurs membres du Gouvernement.<\/p>\n<p>2. Cette   r\u00e9union a \u00e9t\u00e9 consacr\u00e9e aux derniers d\u00e9veloppements concernant la Question Nationale   au sein des Nations Unies, et plus particuli\u00e8rement certaines initiatives   tendant \u00e0 d\u00e9naturer le mandat de la MINURSO.<\/p>\n<p>3. La   r\u00e9union a \u00e9t\u00e9 l&rsquo;occasion de r\u00e9it\u00e9rer le consensus national autour de la   position constante du Royaume du Maroc pour rejeter cat\u00e9goriquement ces   initiatives. Au moment o\u00f9 les efforts du Royaume en faveur de la promotion   des droits de l&rsquo;homme sur l&rsquo;ensemble du territoire national \u2013 y compris dans   les provinces du Sud &#8211; sont salu\u00e9s par la Communaut\u00e9   internationale et par de nombreux partenaires internationaux, la partialit\u00e9   de ce type de d\u00e9marche unilat\u00e9rale et sans consultation pr\u00e9alable, en terme   de contenu, de contexte et de proc\u00e9d\u00e9 ne peuvent que susciter incompr\u00e9hension   et rejet.<\/p>\n<p>4. Les   participants \u00e0 la r\u00e9union ont exprim\u00e9 leur pr\u00e9occupation quant aux   cons\u00e9quences d&rsquo;une telle approchhe sur le processus de n\u00e9gociation en cours,   tant elle rompt d\u00e9lib\u00e9r\u00e9ment avec l&rsquo;esprit consensuel qui a toujours anim\u00e9 la   recherche d&rsquo;une solution politique juste, durable et mutuellement acceptable   \u00e0 ce diff\u00e9rend r\u00e9gional artificiel, sur la base du r\u00e9alisme et de l&rsquo;esprit de   compromis que le Conseil de S\u00e9curit\u00e9 appelle de ses v\u0153ux.<\/p>\n<p>5.   Depuis la pr\u00e9sentation, en avril 2007, par le Royaume du Maroc de   l&rsquo;initiative pour la n\u00e9gociation d&rsquo;un statut d&rsquo;autonomie pour la r\u00e9gion du   Sahara, la question des droits de l&rsquo;homme a \u00e9t\u00e9 m\u00e9thodiquement   instrumentalis\u00e9e par les autres parties au diff\u00e9rend, pour tenter de d\u00e9vier   le processus de n\u00e9gociation et de s&rsquo;en servir comme pr\u00e9texte pour ne pas   s&rsquo;engager r\u00e9solument et de bonne foi dans la recherche d&rsquo;une solution   politique.<\/p>\n<p>6. Pour   sa part, le Royaume du Maroc a adopt\u00e9 des mesures volontaristes pour la   promotion et la protection des droits de l&rsquo;homme, sur l&rsquo;ensemble de son   territoire. C&rsquo;est dans ce cadre que s&rsquo;inscrivent, notamment, le renforcement   de l&rsquo;ind\u00e9pendance des m\u00e9canismes nationaux des droits de l&rsquo;homme et<\/p>\n<p>l&rsquo;\u00e9largissement de l&rsquo;ouverture du Maroc sur les   proc\u00e9dures sp\u00e9ciales des Nations Unies, r\u00e9pondant ainsi aux attentes de la   communaut\u00e9 internationale et, plus particuli\u00e8rement, du Conseil de S\u00e9curit\u00e9.<\/p>\n<p>7. En   tout \u00e9tat de cause, le Royaume, fort du consensus de l&rsquo;ensemble des   composantes de la Nation   autour de l&rsquo;unit\u00e9 nationale et de l&rsquo;int\u00e9grit\u00e9 territoriale, demeure confiant   en la sagesse des membres du Conseil de S\u00e9curit\u00e9 et en leur capacit\u00e9 \u00e0   trouver les formules appropri\u00e9es pour pr\u00e9server le processus politique de   toutes d\u00e9rives aux cons\u00e9quences lourdes et n\u00e9fastes pour la stabilit\u00e9 de la   r\u00e9gion\u00a0\u00bb\u00a0\u00bb.(MAP).<\/p>\n<p>&nbsp;<\/p>\n<\/td>\n<\/tr>\n<\/tbody>\n<\/table>\n<p>&nbsp;<\/p>\n","protected":false},"excerpt":{"rendered":"<p>Rabat, 15 avr. 2013 (MAP) &#8211; Sur Hautes instructions de Sa Majest\u00e9 Le Roi, Que Dieu L&rsquo;assiste, une r\u00e9union consacr\u00e9e<\/p>\n","protected":false},"author":2,"featured_media":0,"comment_status":"open","ping_status":"open","sticky":false,"template":"","format":"standard","meta":{"footnotes":""},"categories":[3,8],"tags":[],"class_list":["post-317","post","type-post","status-publish","format-standard","hentry","category-accueil","category-provinces-du-sud"],"_links":{"self":[{"href":"http:\/\/anatem.info\/index.php?rest_route=\/wp\/v2\/posts\/317","targetHints":{"allow":["GET"]}}],"collection":[{"href":"http:\/\/anatem.info\/index.php?rest_route=\/wp\/v2\/posts"}],"about":[{"href":"http:\/\/anatem.info\/index.php?rest_route=\/wp\/v2\/types\/post"}],"author":[{"embeddable":true,"href":"http:\/\/anatem.info\/index.php?rest_route=\/wp\/v2\/users\/2"}],"replies":[{"embeddable":true,"href":"http:\/\/anatem.info\/index.php?rest_route=%2Fwp%2Fv2%2Fcomments&post=317"}],"version-history":[{"count":4,"href":"http:\/\/anatem.info\/index.php?rest_route=\/wp\/v2\/posts\/317\/revisions"}],"predecessor-version":[{"id":868,"href":"http:\/\/anatem.info\/index.php?rest_route=\/wp\/v2\/posts\/317\/revisions\/868"}],"wp:attachment":[{"href":"http:\/\/anatem.info\/index.php?rest_route=%2Fwp%2Fv2%2Fmedia&parent=317"}],"wp:term":[{"taxonomy":"category","embeddable":true,"href":"http:\/\/anatem.info\/index.php?rest_route=%2Fwp%2Fv2%2Fcategories&post=317"},{"taxonomy":"post_tag","embeddable":true,"href":"http:\/\/anatem.info\/index.php?rest_route=%2Fwp%2Fv2%2Ftags&post=317"}],"curies":[{"name":"wp","href":"https:\/\/api.w.org\/{rel}","templated":true}]}}