{"id":320,"date":"2013-04-20T13:58:50","date_gmt":"2013-04-20T13:58:50","guid":{"rendered":"http:\/\/anatem.info\/?p=320"},"modified":"2014-01-11T22:07:29","modified_gmt":"2014-01-11T22:07:29","slug":"lelargissement-de-la-mission-de-la-minurso-risque-daccentuer-linstabilite-dans-la-region","status":"publish","type":"post","link":"http:\/\/anatem.info\/?p=320","title":{"rendered":"L?largissement de la mission de la Minurso risque daccentuer linstabilit? dans la r?gion"},"content":{"rendered":"<p>L\u2019\u00e9largissement de la mission de la Minurso pour  englober les droits de l\u2019Homme au Sahara risque d\u2019accentuer  l\u2019instabilit\u00e9 dans la r\u00e9gion, a averti, M. George Joffe,\u00a0 sp\u00e9cialiste  britannique des questions nord-africaines.<\/p>\n<p>\u00ab\u00a0Cette proposition ne fera que cro\u00eetre la tension et l\u2019instabilit\u00e9 dans la r\u00e9gion\u00a0\u00bb, a confi\u00e9 le chercheur \u00e0 la MAP.<\/p>\n<p>Il a, dans ce contexte, mis en avant les progr\u00e8s r\u00e9alis\u00e9s par le  Maroc, en particulier durant les derni\u00e8res ann\u00e9es, sur la voie du  renforcement et de la protection des droits de l\u2019Homme, y compris dans  les provinces du Sud, citant l\u2019initiative du Conseil national des droits  de l\u2019Homme de mettre en place des repr\u00e9sentations dans ces provinces.<\/p>\n<p>Rappelant les efforts consentis depuis plusieurs ann\u00e9es pour trouver  une solution politique et mutuellement acceptable au conflit du Sahara,  M. Joffe a soulign\u00e9 que la situation qui pr\u00e9vaut actuellement dans la  r\u00e9gion du Sahel renforce l\u2019urgence de trouver une telle solution \u00e0 m\u00eame  d\u2019\u00e9viter une propagation de l\u2019instabilit\u00e9.<\/p>\n<p>Il a, toutefois, soulign\u00e9 que toute solution de ce conflit passe  in\u00e9luctablement par un rapprochement entre le Maroc et l\u2019Alg\u00e9rie, m\u00eame  si Alger continue d\u2019argumenter que le conflit du Sahara n\u2019est pas un  diff\u00e9rend alg\u00e9ro-marocain.<\/p>\n<p>L\u2019appel lanc\u00e9 par le Secr\u00e9taire g\u00e9n\u00e9ral de l\u2019Onu, Ban Ki-Moon, pour  la r\u00e9ouverture des fronti\u00e8res entre les deux pays rejoint celui lanc\u00e9 il  y a plusieurs ann\u00e9es par le Maroc, a-t-il dit, notant qu\u2019un tel appel  est totalement appropri\u00e9, eu \u00e9gard \u00e0 l\u2019impact positif du rapprochement  entre Rabat et Alger sur l\u2019int\u00e9gration dans la r\u00e9gion d\u2019Afrique du nord.<\/p>\n<p>Cependant, le chercheur s\u2019est interrog\u00e9 au sujet de la volont\u00e9 du  r\u00e9gime alg\u00e9rien de contribuer positivement \u00e0 un tel rapprochement qui  demeure, a-t-il dit, le seul moyen de contenir la tension dans la  r\u00e9gion.<\/p>\n<p>Rappelant l\u2019enl\u00e8vement de travailleurs humanitaires \u00e9trangers dans la  r\u00e9gion de Tindouf, M. Joffe a soulign\u00e9 que ces enl\u00e8vements corroborent  les rapports internationaux faisant \u00e9tat d\u2019infiltration des camps de  Tindouf (sud-ouest de l\u2019Alg\u00e9rie) par des groupes radicaux qui y ont  trouv\u00e9 un terrain fertile pour le recrutement de combattants pour le  compte d\u2019organisations extr\u00e9mistes.<\/p>\n<p>Il s\u2019agit d\u2019une situation qui m\u00e9rite d\u2019\u00eatre \u00e9tudi\u00e9e et prise au  s\u00e9rieux, a soutenu M. Joffe, soulignant que le plan d\u2019autonomie pr\u00e9sent\u00e9  par le Maroc \u00ab\u00a0est certainement une proposition s\u00e9rieuse qui m\u00e9rite  d\u2019\u00eatre prise en compte pour un r\u00e8glement d\u00e9finitif de la question du  Sahara\u00a0\u00bb.<\/p>\n<p>Le conflit du Sahara, dit +occidental+, rappelle-t-on, est un conflit  impos\u00e9 au Maroc par l\u2019Alg\u00e9rie qui finance et qui h\u00e9berge sur son  territoire \u00e0 Tindouf le mouvement s\u00e9paratiste du polisario. Ce  mouvement, soutenu par le pouvoir alg\u00e9rien, revendique la cr\u00e9ation d\u2019un  Etat factice au Maghreb. Cette situation bloque tous les efforts de la  communaut\u00e9 internationale pour une int\u00e9gration \u00e9conomique et s\u00e9curitaire  r\u00e9gionale.<\/p>\n<p>Source : <a href=\"http:\/\/www.map.ma\/fr\/dossier\/lelargissement-de-la-mission-de-la-minurso-risque-daccentuer-linstabilite-dans-la-region-exp\">MAP<\/a><\/p>\n","protected":false},"excerpt":{"rendered":"<p>L\u2019\u00e9largissement de la mission de la Minurso pour englober les droits de l\u2019Homme au Sahara risque d\u2019accentuer l\u2019instabilit\u00e9 dans la<\/p>\n","protected":false},"author":2,"featured_media":0,"comment_status":"open","ping_status":"open","sticky":false,"template":"","format":"standard","meta":{"footnotes":""},"categories":[3,8],"tags":[20,21],"class_list":["post-320","post","type-post","status-publish","format-standard","hentry","category-accueil","category-provinces-du-sud","tag-ban-kimoun-sahara","tag-minurso-sahara"],"_links":{"self":[{"href":"http:\/\/anatem.info\/index.php?rest_route=\/wp\/v2\/posts\/320","targetHints":{"allow":["GET"]}}],"collection":[{"href":"http:\/\/anatem.info\/index.php?rest_route=\/wp\/v2\/posts"}],"about":[{"href":"http:\/\/anatem.info\/index.php?rest_route=\/wp\/v2\/types\/post"}],"author":[{"embeddable":true,"href":"http:\/\/anatem.info\/index.php?rest_route=\/wp\/v2\/users\/2"}],"replies":[{"embeddable":true,"href":"http:\/\/anatem.info\/index.php?rest_route=%2Fwp%2Fv2%2Fcomments&post=320"}],"version-history":[{"count":3,"href":"http:\/\/anatem.info\/index.php?rest_route=\/wp\/v2\/posts\/320\/revisions"}],"predecessor-version":[{"id":763,"href":"http:\/\/anatem.info\/index.php?rest_route=\/wp\/v2\/posts\/320\/revisions\/763"}],"wp:attachment":[{"href":"http:\/\/anatem.info\/index.php?rest_route=%2Fwp%2Fv2%2Fmedia&parent=320"}],"wp:term":[{"taxonomy":"category","embeddable":true,"href":"http:\/\/anatem.info\/index.php?rest_route=%2Fwp%2Fv2%2Fcategories&post=320"},{"taxonomy":"post_tag","embeddable":true,"href":"http:\/\/anatem.info\/index.php?rest_route=%2Fwp%2Fv2%2Ftags&post=320"}],"curies":[{"name":"wp","href":"https:\/\/api.w.org\/{rel}","templated":true}]}}