{"id":322,"date":"2013-04-20T17:17:14","date_gmt":"2013-04-20T17:17:14","guid":{"rendered":"http:\/\/anatem.info\/?p=322"},"modified":"2013-12-24T12:39:30","modified_gmt":"2013-12-24T12:39:30","slug":"maroc-sm-le-roi-lance-les-travaux-de-construction-du-nouveau-port-de-safi","status":"publish","type":"post","link":"http:\/\/anatem.info\/?p=322","title":{"rendered":"Maroc : SM le Roi lance les travaux de construction du nouveau port de Safi"},"content":{"rendered":"<p>Safi, 19 avr. 2013 (MAP) &#8211; Sa Majest\u00e9 le Roi Mohammed VI, que Dieu L&rsquo;assiste, a proc\u00e9d\u00e9, vendredi, au lancement des travaux de construction du nouveau port de Safi, un projet strat\u00e9gique qui vient renforcer les infrastructures d\u00e9di\u00e9es au transport maritime national.<\/p>\n<p>Ce projet d&rsquo;envergure, qui sera r\u00e9alis\u00e9 en trois phases, s&rsquo;inscrit dans le cadre de la strat\u00e9gie portuaire nationale \u00e0 l&rsquo;horizon 2030 qui s&rsquo;assigne pour objectifs la valorisation des avantages comparatifs du Maroc, le renforcement de l&rsquo;attractivit\u00e9 \u00e9conomique du Royaume, la conqu\u00eate d&rsquo;une part du march\u00e9 du commerce international maritime entre le bassin m\u00e9diterran\u00e9en, l&rsquo;Europe, le Moyen-Orient et l&rsquo;Asie, et la cr\u00e9ation de ports performants, moteurs du d\u00e9veloppement r\u00e9gional et acteurs incontournables dans le positionnement du Maroc comme plateforme logistique.<\/p>\n<p>Situ\u00e9 \u00e0 15 km au sud de Safi, le futur port, dont la premi\u00e8re phase mobilise des investissements de l&rsquo;ordre de 4 milliards de dirhams, tend \u00e0 accompagner le secteur \u00e9nerg\u00e9tique et l&rsquo;industrie chimique de la r\u00e9gion et \u00e0 contribuer au d\u00e9veloppement du transport des grands vrac li\u00e9s \u00e0 l&rsquo;\u00e9nergie et \u00e0 l&rsquo;industrie min\u00e9rale.<\/p>\n<p>Il r\u00e9pondra \u00e9galement aux besoins d&rsquo;approvisionnement en charbon de la nouvelle centrale thermique de l&rsquo;Office national de l&rsquo;eau et de l&rsquo;\u00e9lectricit\u00e9 (ONEE), tant dans sa premi\u00e8re que dans sa deuxi\u00e8me phase, comme il offrira une capacit\u00e9 portuaire importante et extensible pour couvrir les besoins futurs en trafic d&rsquo;import et d&rsquo;export du Groupe OCP et d&rsquo;autres trafics dans une troisi\u00e8me phase.<\/p>\n<p>En effet, la premi\u00e8re phase de ce nouveau port, qui sera fin pr\u00eate en ao\u00fbt 2017, r\u00e9pondra aux besoins de la nouvelle centrale thermique de <a href=\"http:\/\/www.ritesofspring.org\/\">where can i buy vigrx plus<\/a> l&rsquo;ONEE, estim\u00e9s \u00e0 3,5 millions de tonnes de charbon par an.<\/p>\n<p>Ce projet phare confortera aussi la dynamique de d\u00e9veloppement \u00e9conomique de la r\u00e9gion et donnera un nouvel \u00e9lan \u00e0 la requalification urbaine de la ville de Safi par la reconversion du port de Safi-Ville en un port de commerce et de croisi\u00e8re.<\/p>\n<p>Pour un d\u00e9veloppement durable de la r\u00e9gion, plusieurs mesures sont mises en oeuvre pour att\u00e9nuer et compenser les impacts n\u00e9gatifs li\u00e9s \u00e0 la construction et \u00e0 l&rsquo;exploitation du futur port de Safi et ce, pour permettre d&rsquo;ins\u00e9rer l&rsquo;ouvrage dans son environnement imm\u00e9diat. On citera la cr\u00e9ation d&rsquo;une nouvelle plage adoss\u00e9e au nord du nouveau port, ce qui constituera un espace de loisirs pour les surfeurs et prot\u00e8gera la falaise mitoyenne.<\/p>\n<p>En outre, le d\u00e9placement des activit\u00e9s de trafic des phosphates et d\u00e9riv\u00e9s vers le nouveau port &#8211; dans sa deuxi\u00e8me phase &#8211; contribuera \u00e0 l&rsquo;am\u00e9lioration du cadre environnemental, s\u00e9curitaire et sanitaire de la ville de Safi.<\/p>\n<p>Le projet du port de Safi s&rsquo;accompagne, en outre, d&rsquo;am\u00e9nagements structurants pour la ville et les r\u00e9gions mitoyennes, notamment la r\u00e9gion de Marrakech qui disposera d\u00e9sormais d&rsquo;une importante ouverture maritime.<\/p>\n<p>V\u00e9ritable acc\u00e9l\u00e9rateur pour le lancement de multiples projets au niveau de la r\u00e9gion, ce nouveau projet devra g\u00e9n\u00e9rer plus de 750 emplois directs durant la phase de construction et plus de 180 lors de la phase d&rsquo;exploitation. Il devra \u00e9riger la ville de Safi, chef-lieu de la r\u00e9gion de Doukkala Abda, en un p\u00f4le majeur de d\u00e9veloppement \u00e9conomique et social, susceptible d&rsquo;avoir un effet d&rsquo;entra\u00eenement sur d&rsquo;autres collectivit\u00e9s de la r\u00e9gion.(MAP).<\/p>\n","protected":false},"excerpt":{"rendered":"<p>Safi, 19 avr. 2013 (MAP) &#8211; Sa Majest\u00e9 le Roi Mohammed VI, que Dieu L&rsquo;assiste, a proc\u00e9d\u00e9, vendredi, au lancement<\/p>\n","protected":false},"author":2,"featured_media":0,"comment_status":"open","ping_status":"open","sticky":false,"template":"","format":"standard","meta":{"footnotes":""},"categories":[3,5],"tags":[],"class_list":["post-322","post","type-post","status-publish","format-standard","hentry","category-accueil","category-maghreb-news"],"_links":{"self":[{"href":"http:\/\/anatem.info\/index.php?rest_route=\/wp\/v2\/posts\/322","targetHints":{"allow":["GET"]}}],"collection":[{"href":"http:\/\/anatem.info\/index.php?rest_route=\/wp\/v2\/posts"}],"about":[{"href":"http:\/\/anatem.info\/index.php?rest_route=\/wp\/v2\/types\/post"}],"author":[{"embeddable":true,"href":"http:\/\/anatem.info\/index.php?rest_route=\/wp\/v2\/users\/2"}],"replies":[{"embeddable":true,"href":"http:\/\/anatem.info\/index.php?rest_route=%2Fwp%2Fv2%2Fcomments&post=322"}],"version-history":[{"count":2,"href":"http:\/\/anatem.info\/index.php?rest_route=\/wp\/v2\/posts\/322\/revisions"}],"predecessor-version":[{"id":708,"href":"http:\/\/anatem.info\/index.php?rest_route=\/wp\/v2\/posts\/322\/revisions\/708"}],"wp:attachment":[{"href":"http:\/\/anatem.info\/index.php?rest_route=%2Fwp%2Fv2%2Fmedia&parent=322"}],"wp:term":[{"taxonomy":"category","embeddable":true,"href":"http:\/\/anatem.info\/index.php?rest_route=%2Fwp%2Fv2%2Fcategories&post=322"},{"taxonomy":"post_tag","embeddable":true,"href":"http:\/\/anatem.info\/index.php?rest_route=%2Fwp%2Fv2%2Ftags&post=322"}],"curies":[{"name":"wp","href":"https:\/\/api.w.org\/{rel}","templated":true}]}}