{"id":3245,"date":"2018-07-30T23:29:31","date_gmt":"2018-07-30T23:29:31","guid":{"rendered":"http:\/\/anatem.info\/?p=3245"},"modified":"2018-07-30T23:29:31","modified_gmt":"2018-07-30T23:29:31","slug":"discours-du-trone-le-roi-mohammed-vi-appelle-a-des-mesures-sociales-durgence","status":"publish","type":"post","link":"http:\/\/anatem.info\/?p=3245","title":{"rendered":"Discours du Tr\u00f4ne : le Roi Mohammed VI appelle \u00e0 des mesures sociales d&rsquo;urgence"},"content":{"rendered":"<p>A l\u2019occasion de l\u2019av\u00e8nement du 19\u00e8me anniversaire de son accession au Tr\u00f4ne, le Roi Mohammed VI a prononc\u00e9, le 29 juillet 2018, le discours du Tr\u00f4ne depuis Al Hoceima.<br \/>\nUn discours du Tr\u00f4ne dont le volet social a constitu\u00e9 la pi\u00e8ce n\u00e9vralgique de l&rsquo;intervention du Souverain marocain ; une feuille de route d\u00e9finie par le Roi du Maroc pour une remise \u00e0 plat compl\u00e8te des dysfonctionnements sociaux dans des d\u00e9lais contraignants.<br \/>\nAinsi donc, le Roi Mohammed VI a appel\u00e9 \u00e0 un travail de remise \u00e0 plat des \u00ab\u00a0dysfonctionnement sociaux\u00a0\u00bb pour r\u00e9pondre aux pr\u00e9occupations des citoyens, qui sont aussi celles de la plus haute autorit\u00e9 du Maroc. \u00ab\u00a0Il est insens\u00e9 que plus de cent programmes de soutien et de protection sociale, de diff\u00e9rents formats et se voyant affecter des dizaines de milliards de dirhams, soient \u00e9parpill\u00e9s entre plusieurs d\u00e9partements minist\u00e9riels et de multiples intervenants publics\u00a0\u00bb, a constat\u00e9 le Souverain marocain, pointant \u00ab\u00a0un manque de coordination entre l&rsquo;Ex\u00e9cutif et les partis politiques\u00a0\u00bb, appel\u00e9s \u00e0 op\u00e9rer une v\u00e9ritable cure d'\u00a0\u00bbautocritique\u00a0\u00bb pour jouer le r\u00f4le qui leur \u00e9choit dans l&rsquo;encadrement et l&rsquo;accompagnement du citoyen.<br \/>\nC&rsquo;est pourquoi le Souverain marocain a demand\u00e9 que le registre social unifi\u00e9 soit la cl\u00e9 pour remettre \u00e0 plat compl\u00e8tement la plateforme sociale.<br \/>\nL&rsquo;autre priorit\u00e9 concerne le R\u00e9gime d&rsquo;Assistance M\u00e9dicale (RAMED), dont les dysfonctionnements doivent \u00eatre \u00ab\u00a0corrig\u00e9s\u00a0\u00bb au plus vite pour assurer, au nom de la justice sociale le droit de tous les citoyens \u00e0 l&rsquo;acc\u00e8s aux soins. Idem pour l&rsquo;Initiative Nationale pour le D\u00e9veloppement Humain (INDH 3), appel\u00e9e \u00e0 passer \u00e0 la vitesse sup\u00e9rieure et \u00e0 se hisser au niveau des attentes populaires.<br \/>\nAutrement dit, le Roi Mohammed VI a non seulement d\u00e9clin\u00e9 le nouveau mod\u00e8le \u00e9conomique et social, mais a fix\u00e9 les d\u00e9lais de sa r\u00e9alisation. Les d\u00e9lais impartis \u00e0 cette refonte comptent parmi les points les plus contraignants de ce discours et ne laissent aucune place \u00e0 l\u2019attentisme ou \u00e0 l\u2019inaction.<br \/>\nOr, cette justice sociale passe aussi par la pr\u00e9servation des ressources en eau ; une denr\u00e9e pr\u00e9cieuse qui a constitu\u00e9 un des axes importants du discours du Tr\u00f4ne.<br \/>\nAinsi, le Roi Mohammed VI appelle le Gouvernement et les institutions comp\u00e9tentes \u00e0 prendre des mesures d\u2019urgence et \u00e0 mobiliser tous les moyens disponibles pour traiter les situations urgentes li\u00e9es au faible approvisionnement des habitants en eau potable et \u00e0 la fourniture des volumes d\u2019eau destin\u00e9s \u00e0 l\u2019abreuvement du cheptel, particuli\u00e8rement durant l&rsquo;\u00e9t\u00e9.<br \/>\nAussi, a t&rsquo;il insist\u00e9 sur la n\u00e9cessit\u00e9 de poursuivre la politique de construction de nouveaux barrages, un domaine o\u00f9 le Maroc fait figure de pionnier. A cet \u00e9gard, le Souverain marocain a tenu \u00e0 perp\u00e9tuer cette tradition, comme en t\u00e9moignent les trente barrages de tailles diff\u00e9rentes, qui ont \u00e9t\u00e9 \u00e9rig\u00e9s durant les dix-huit derni\u00e8res ann\u00e9es.<br \/>\nEnfin, le Roi Mohammed VI a appel\u00e9, dans son discours, les partis politiques \u00e0 s\u2019\u00e9lever au-dessus de leurs divergences et de leurs calculs politiciens, \u00ab\u00a0d\u2019autant plus que les calculs politiciens, souvent personnels et \u00e9go\u00efstes, ont fait perdre beaucoup de temps au Maroc\u00a0\u00bb. Que n\u2019a-t-on vu de chamaillades au sein de l\u2019H\u00e9micycle o\u00f9 les repr\u00e9sentants du peuple se livrent \u00e0 des spectacles d\u00e9solants.<br \/>\n\u00ab\u00a0Il importe aussi de d\u00e9passer les diff\u00e9rends conjoncturels, d\u2019\u0153uvrer \u00e0 l\u2019am\u00e9lioration du rendement de l\u2019Administration et de veiller au bon fonctionnement des institutions, car, in fine, il importe de renforcer le climat de confiance et de s\u00e9r\u00e9nit\u00e9 au sein de la soci\u00e9t\u00e9 et toutes ses composantes\u00a0\u00bb, a rappel\u00e9 le Souverain marocain.<br \/>\nLes \u00e9lus de la Nation sont ainsi appel\u00e9s \u00e0 prendre acte des propos du Roi Mohammed VI, \u00e0 la faveur de l&rsquo;essor du pays que le Souverain marocain et le peuple n&rsquo;ont eu de cesse d&rsquo;appeler de leurs voeux et hautes luttes.<br \/>\nEn conclusion, le dossier social a retenu toute l&rsquo;attention du Souverain marocain et l\u2019a interpell\u00e9 fortement, \u00e0 la fois en tant que Roi et en tant qu\u2019homme.<br \/>\nUn discours du Tr\u00f4ne, le premier de l&rsquo;Histoire \u00e0 \u00eatre adress\u00e9 \u00e0 la Nation depuis Al Hoceima, la perle de la M\u00e9diterran\u00e9e, au cours duquel le Roi du Maroc a ordonn\u00e9 une refonte compl\u00e8te des programmes sociaux et a lanc\u00e9 des chantiers qui vont r\u00e9volutionner l&rsquo;investissement et l&#8217;emploi.<br \/>\nFarid Mnebhi.<\/p>\n","protected":false},"excerpt":{"rendered":"<p>A l\u2019occasion de l\u2019av\u00e8nement du 19\u00e8me anniversaire de son accession au Tr\u00f4ne, le Roi Mohammed VI a prononc\u00e9, le 29<\/p>\n","protected":false},"author":2,"featured_media":3246,"comment_status":"closed","ping_status":"closed","sticky":false,"template":"","format":"standard","meta":{"footnotes":""},"categories":[3,62,4,5,6,7,8],"tags":[],"class_list":["post-3245","post","type-post","status-publish","format-standard","has-post-thumbnail","hentry","category-accueil","category-afrique","category-competences-mre","category-maghreb-news","category-photo-videotheque","category-presse-marocaine","category-provinces-du-sud"],"_links":{"self":[{"href":"http:\/\/anatem.info\/index.php?rest_route=\/wp\/v2\/posts\/3245","targetHints":{"allow":["GET"]}}],"collection":[{"href":"http:\/\/anatem.info\/index.php?rest_route=\/wp\/v2\/posts"}],"about":[{"href":"http:\/\/anatem.info\/index.php?rest_route=\/wp\/v2\/types\/post"}],"author":[{"embeddable":true,"href":"http:\/\/anatem.info\/index.php?rest_route=\/wp\/v2\/users\/2"}],"replies":[{"embeddable":true,"href":"http:\/\/anatem.info\/index.php?rest_route=%2Fwp%2Fv2%2Fcomments&post=3245"}],"version-history":[{"count":1,"href":"http:\/\/anatem.info\/index.php?rest_route=\/wp\/v2\/posts\/3245\/revisions"}],"predecessor-version":[{"id":3247,"href":"http:\/\/anatem.info\/index.php?rest_route=\/wp\/v2\/posts\/3245\/revisions\/3247"}],"wp:featuredmedia":[{"embeddable":true,"href":"http:\/\/anatem.info\/index.php?rest_route=\/wp\/v2\/media\/3246"}],"wp:attachment":[{"href":"http:\/\/anatem.info\/index.php?rest_route=%2Fwp%2Fv2%2Fmedia&parent=3245"}],"wp:term":[{"taxonomy":"category","embeddable":true,"href":"http:\/\/anatem.info\/index.php?rest_route=%2Fwp%2Fv2%2Fcategories&post=3245"},{"taxonomy":"post_tag","embeddable":true,"href":"http:\/\/anatem.info\/index.php?rest_route=%2Fwp%2Fv2%2Ftags&post=3245"}],"curies":[{"name":"wp","href":"https:\/\/api.w.org\/{rel}","templated":true}]}}