{"id":3250,"date":"2018-07-30T23:34:07","date_gmt":"2018-07-30T23:34:07","guid":{"rendered":"http:\/\/anatem.info\/?p=3250"},"modified":"2018-07-30T23:34:07","modified_gmt":"2018-07-30T23:34:07","slug":"sm-le-roi-ne-cesse-daccorder-un-interet-particulier-a-la-region-du-rif-mme-aicha-el-khattabi","status":"publish","type":"post","link":"http:\/\/anatem.info\/?p=3250","title":{"rendered":"SM le Roi ne cesse d\u2019accorder un int\u00e9r\u00eat particulier \u00e0 la r\u00e9gion du Rif (Mme Aicha El Khattabi)"},"content":{"rendered":"<p>Tanger \u2013 SM le Roi Mohammed VI ne cesse d\u2019accorder un int\u00e9r\u00eat tout particulier \u00e0 la r\u00e9gion du Rif, a soulign\u00e9, lundi \u00e0 Tanger, Mme Aicha El Khattabi, fille de feu Mohamed Ben Abdelkarim El Khattabi, formulant le souhait de voir cette r\u00e9gion conna\u00eetre davantage de prosp\u00e9rit\u00e9.<\/p>\n<p>Dans une d\u00e9claration \u00e0 la presse \u00e0 l\u2019issue de la r\u00e9ception pr\u00e9sid\u00e9e au Palais Marchane \u00e0 Tanger par SM le Roi Mohammed VI \u00e0 l\u2019occasion du 19\u00e8me anniversaire de l\u2019accession du Souverain au Tr\u00f4ne de Ses glorieux anc\u00eatres, Mme Aicha El Khattabi s\u2019est dit convaincue que la population de la r\u00e9gion est consciente des efforts d\u00e9ploy\u00e9s par le Souverain pour promouvoir les conditions de vie des habitants.<\/p>\n<p>Dans ce sens, elle a \u00e9mis l\u2019espoir d&rsquo;\u201dun r\u00e8glement de la situation des personnes d\u00e9tenues\u201d dans le cadre des \u00e9v\u00e8nements d\u2019Al Hoceima.<\/p>\n<p>Tout en soulignant que l\u2019affection qu\u2019elle manifestait \u00e0 l\u2019\u00e9gard du Souverain a grandi davantage ce jour, Mme Aicha El Khattabi a rappel\u00e9 qu\u2019apr\u00e8s Son accession au Tr\u00f4ne, Sa Majest\u00e9 le Roi \u201cnous a contact\u00e9 par t\u00e9l\u00e9phone pour nous informer qu\u2019Il effectuera Sa premi\u00e8re visite \u00e0 Al Hoceima et dans la r\u00e9gion du Rif\u201d. Elle a, \u00e0 cet \u00e9gard, indiqu\u00e9 \u00eatre venue en compagnie de son fr\u00e8re Sa\u00efd de l\u2019?gypte pour accueillir Sa Majest\u00e9 le Roi.<\/p>\n<p>Mme El Khattabi a, par ailleurs, exprim\u00e9 sa confiance quant \u00e0 l\u2019avenir de la r\u00e9gion, affirmant que le Maroc restera toujours un pays uni.<\/p>\n","protected":false},"excerpt":{"rendered":"<p>Tanger \u2013 SM le Roi Mohammed VI ne cesse d\u2019accorder un int\u00e9r\u00eat tout particulier \u00e0 la r\u00e9gion du Rif, a<\/p>\n","protected":false},"author":2,"featured_media":3251,"comment_status":"closed","ping_status":"closed","sticky":false,"template":"","format":"standard","meta":{"footnotes":""},"categories":[3,62,4,5,7,8],"tags":[],"class_list":["post-3250","post","type-post","status-publish","format-standard","has-post-thumbnail","hentry","category-accueil","category-afrique","category-competences-mre","category-maghreb-news","category-presse-marocaine","category-provinces-du-sud"],"_links":{"self":[{"href":"http:\/\/anatem.info\/index.php?rest_route=\/wp\/v2\/posts\/3250","targetHints":{"allow":["GET"]}}],"collection":[{"href":"http:\/\/anatem.info\/index.php?rest_route=\/wp\/v2\/posts"}],"about":[{"href":"http:\/\/anatem.info\/index.php?rest_route=\/wp\/v2\/types\/post"}],"author":[{"embeddable":true,"href":"http:\/\/anatem.info\/index.php?rest_route=\/wp\/v2\/users\/2"}],"replies":[{"embeddable":true,"href":"http:\/\/anatem.info\/index.php?rest_route=%2Fwp%2Fv2%2Fcomments&post=3250"}],"version-history":[{"count":1,"href":"http:\/\/anatem.info\/index.php?rest_route=\/wp\/v2\/posts\/3250\/revisions"}],"predecessor-version":[{"id":3252,"href":"http:\/\/anatem.info\/index.php?rest_route=\/wp\/v2\/posts\/3250\/revisions\/3252"}],"wp:featuredmedia":[{"embeddable":true,"href":"http:\/\/anatem.info\/index.php?rest_route=\/wp\/v2\/media\/3251"}],"wp:attachment":[{"href":"http:\/\/anatem.info\/index.php?rest_route=%2Fwp%2Fv2%2Fmedia&parent=3250"}],"wp:term":[{"taxonomy":"category","embeddable":true,"href":"http:\/\/anatem.info\/index.php?rest_route=%2Fwp%2Fv2%2Fcategories&post=3250"},{"taxonomy":"post_tag","embeddable":true,"href":"http:\/\/anatem.info\/index.php?rest_route=%2Fwp%2Fv2%2Ftags&post=3250"}],"curies":[{"name":"wp","href":"https:\/\/api.w.org\/{rel}","templated":true}]}}