{"id":3869,"date":"2019-09-17T15:41:32","date_gmt":"2019-09-17T15:41:32","guid":{"rendered":"http:\/\/anatem.info\/?p=3869"},"modified":"2019-09-17T15:48:24","modified_gmt":"2019-09-17T15:48:24","slug":"tribune-libre-participation-remarquee-du-maroc-au-sommet-de-ouagadougo","status":"publish","type":"post","link":"http:\/\/anatem.info\/?p=3869","title":{"rendered":"Tribune libre : Participation remarqu\u00e9e du Maroc au Sommet de Ouagadougo (Farid Mnebhi)"},"content":{"rendered":"\n<p>\nOuagadougou, capitale du Burkina Faso, a abrit\u00e9, les 13 et 14 septembre 2019, un Sommet extraordinaire de la Conf\u00e9rence des Chefs d\u2019Etat et de Gouvernement de la Communaut\u00e9\n Economique des Etats de l\u2019Afrique de l\u2019Ouest (CEDEAO) avec pour th\u00e9matique centrale la lutte contre le terrorisme et\navenir incertain du G5-Sahel.<\/p>\n\n\n\n<p> Un  sujet tomb\u00e9 \u00e0 point nomm\u00e9 pour le pays h\u00f4te \u00e9tant donn\u00e9 que le Burkina  Faso sort d\u2019une vague d\u2019attaques terroristes dans le Nord de son pays au  cours desquelles il a \u00e9t\u00e9 d\u00e9plor\u00e9 de nombreux morts,  militaires, gendarmes et civils. Une machiav\u00e9lique fa\u00e7on pour les  terroristes, sans foi ni loi<strong>,<\/strong> de marquer ce pays au fer rouge<strong>.<\/strong><\/p>\n\n\n\n<p> Outre  les 15 pays membres de la CEDEAO, le Sommet avait connu la participation  de plusieurs organisations et pays partenaires dans la lutte contre le  terrorisme dans la r\u00e9gion dont  celui, si pr\u00e9cieux, du Maroc.<\/p>\n\n\n\n<p>\nLa participation \u00e0 ce Sommet du Maroc, suite \u00e0 l\u2019invitation adress\u00e9e au Roi Mohammed VI par\nle\n Pr\u00e9sident en exercice de la CEDEAO, Mohamadou Issoufou, Pr\u00e9sident du \nNiger, t\u00e9moigne du r\u00f4le du Maroc en tant que partenaire de premier plan \npour cette organisation r\u00e9gionale\n et les autres institutions d\u00e9di\u00e9es \u00e0&nbsp;la lutte contre le terrorisme et \nl\u2019ins\u00e9curit\u00e9.<\/p>\n\n\n\n<p>\nElle\n constitue une reconnaissance de l\u2019appui cons\u00e9quent et d\u00e9cisif du Maroc \ndans le combat contre ces menaces puisque ce Sommet extraordinaire a \u00e9t\u00e9\n l\u2019occasion de se concerter sur\n l\u2019\u00e9tat de la coop\u00e9ration anti-terroriste dans la r\u00e9gion et les voies et\n moyens de la renforcer.<\/p>\n\n\n\n<p>\nAinsi,\n le Souverain marocain a d\u00e9p\u00each\u00e9 \u00e0 Ouagadougou, le Ministre des Affaires\n Etrang\u00e8res et de la Coop\u00e9ration Internationale et, surtout, le \nDirecteur G\u00e9n\u00e9ral d\u2019Etudes et de Documentation\n (Service de Renseignement Ext\u00e9rieur), sp\u00e9cialiste \u00e9m\u00e9rite et expert \nav\u00e9r\u00e9 \u00e0 l\u2019international dans la lutte contre le terrorisme, pour le \nrepr\u00e9senter \u00e0 ce Sommet.<\/p>\n\n\n\n<p>\nLa\n participation du Maroc \u00e0 ce Sommet a permis d\u2019apporter des strat\u00e9gies \ninnovantes contre le terrorisme mais aussi les moyens de s\u2019adapter \u00e0 ce \nd\u00e9fi et ce, au moment m\u00eame o\u00f9\nla menace se pr\u00e9cise pour les pays du littoral africain jusque-l\u00e0 \u00e9pargn\u00e9s par les frappes de la n\u00e9buleuse.<\/p>\n\n\n\n<p>\nLors de ce Sommet,\nles Chefs d\u2019Etat ont d\u00e9cid\u00e9 de mettre fin\n au G5-Sahel, cette force multinationale qui devait comprendre 5.000 \nhommes, en raison des limites\nde ladite force et ont tent\u00e9 de trouver des solutions \u00e0 l\u2019avanc\u00e9e de ces loups solitaires&nbsp;au Sahel.<\/p>\n\n\n\n<p>\nIl\n est clair, aujourd\u2019hui, que la MINUSMA (Mission Int\u00e9gr\u00e9e des Nations \nUnies pour la Stabilisation pour le Mali, 13.000 hommes) et le G5-Sahel \nne suffisent pas et qu\u2019il est urgent de trouver des\n moyens de coordination plus \u00e9largis et plus efficaces. Chercheurs, \nresponsables politiques, ONG\u2019s et m\u00eame soldats s\u2019accordent sur une \nchose&nbsp;:&nbsp;&nbsp;La solution ne peut pas \u00eatre que militaire.<\/p>\n\n\n\n<p>\nCe Sommet extraordinaire d\u2019Ouagadougou a\ntraduit non seulement la pr\u00e9occupation des \ndirigeants de la sous-r\u00e9gion et se veut un signal fort de coh\u00e9sion dans \nla lutte contre le terrorisme.<\/p>\n\n\n\n<p>\nIl\n consacre la n\u00e9cessit\u00e9, au-del\u00e0 des simples discours, de mutualiser les \nforces pour agir en synergie&nbsp;contre cette pieuvre qui profite de la \nporosit\u00e9 des fronti\u00e8res mais aussi du\n manque de concertation et de la faiblesse du renseignement entre ces \nEtats, pour \u00e9tendre ses tentacules et r\u00e9pandre son venin.<\/p>\n\n\n\n<p>(&#8230;) Absence remarqu\u00e9e lors de ce sommet : Celle des dirigeants alg\u00e9riens (NDLR).<\/p>\n\n\n\n<p>\nFarid Mnebhi.<\/p>\n","protected":false},"excerpt":{"rendered":"<p>Ouagadougou, capitale du Burkina Faso, a abrit\u00e9, les 13 et 14 septembre 2019, un Sommet extraordinaire de la Conf\u00e9rence des<\/p>\n","protected":false},"author":2,"featured_media":3874,"comment_status":"closed","ping_status":"closed","sticky":false,"template":"","format":"standard","meta":{"footnotes":""},"categories":[3,62,5,7,8],"tags":[],"class_list":["post-3869","post","type-post","status-publish","format-standard","has-post-thumbnail","hentry","category-accueil","category-afrique","category-maghreb-news","category-presse-marocaine","category-provinces-du-sud"],"_links":{"self":[{"href":"http:\/\/anatem.info\/index.php?rest_route=\/wp\/v2\/posts\/3869","targetHints":{"allow":["GET"]}}],"collection":[{"href":"http:\/\/anatem.info\/index.php?rest_route=\/wp\/v2\/posts"}],"about":[{"href":"http:\/\/anatem.info\/index.php?rest_route=\/wp\/v2\/types\/post"}],"author":[{"embeddable":true,"href":"http:\/\/anatem.info\/index.php?rest_route=\/wp\/v2\/users\/2"}],"replies":[{"embeddable":true,"href":"http:\/\/anatem.info\/index.php?rest_route=%2Fwp%2Fv2%2Fcomments&post=3869"}],"version-history":[{"count":3,"href":"http:\/\/anatem.info\/index.php?rest_route=\/wp\/v2\/posts\/3869\/revisions"}],"predecessor-version":[{"id":3873,"href":"http:\/\/anatem.info\/index.php?rest_route=\/wp\/v2\/posts\/3869\/revisions\/3873"}],"wp:featuredmedia":[{"embeddable":true,"href":"http:\/\/anatem.info\/index.php?rest_route=\/wp\/v2\/media\/3874"}],"wp:attachment":[{"href":"http:\/\/anatem.info\/index.php?rest_route=%2Fwp%2Fv2%2Fmedia&parent=3869"}],"wp:term":[{"taxonomy":"category","embeddable":true,"href":"http:\/\/anatem.info\/index.php?rest_route=%2Fwp%2Fv2%2Fcategories&post=3869"},{"taxonomy":"post_tag","embeddable":true,"href":"http:\/\/anatem.info\/index.php?rest_route=%2Fwp%2Fv2%2Ftags&post=3869"}],"curies":[{"name":"wp","href":"https:\/\/api.w.org\/{rel}","templated":true}]}}