{"id":3907,"date":"2019-10-11T13:14:15","date_gmt":"2019-10-11T13:14:15","guid":{"rendered":"http:\/\/anatem.info\/?p=3907"},"modified":"2019-10-11T13:14:15","modified_gmt":"2019-10-11T13:14:15","slug":"le-royaume-du-lesotho-decide-de-suspendre-toutes-ses-declarations-et-decisions-anterieures-concernant-la-pseudo-rasd","status":"publish","type":"post","link":"http:\/\/anatem.info\/?p=3907","title":{"rendered":"Le Royaume du Lesotho d\u00e9cide de suspendre toutes ses d\u00e9clarations et d\u00e9cisions ant\u00e9rieures concernant la pseudo \u201crasd\u201d"},"content":{"rendered":"\n<p>Rabat, le 4 octobre 2019 (MAP) Le Royaume du Lesotho a publi\u00e9, vendredi, une Note verbale de  son minist\u00e8re des Affaires \u00e9trang\u00e8res et des Relations internationales  officialisant sa d\u00e9cision de \u201csuspendre toutes d\u00e9clarations ou  d\u00e9cisions\u201d se rapportant au statut du sahara et \u00e0 la pseudo \u201crasd\u201d, et  s\u2019engageant \u00e0 \u201csoutenir activement le processus politique men\u00e9 par les  Nations unies\u201d, et \u00e0 ce qu\u2019une \u201cneutralit\u00e9 positive soit d\u00e9sormais  observ\u00e9e dans toutes les r\u00e9unions sous-r\u00e9gionales, r\u00e9gionales et  internationales\u201d \u00e9voquant cette question.<\/p>\n\n\n\n<p>\u201cLa publication de cette Note verbale, qui porte le num\u00e9ro \n24\/fr\/cl\/ctr\/31 du 04.10.2019, fait suite \u00e0 l\u2019entretien t\u00e9l\u00e9phonique de \nce jour, entre le ministre des Affaires \u00e9trang\u00e8res et de la Coop\u00e9ration \ninternationale du Royaume du Maroc, M. Nasser Bourita, et le ministre \ndes Affaires \u00e9trang\u00e8res et des Relations internationales du Royaume du \nLesotho, M. Lesego Makgothi\u201d, indique un communiqu\u00e9 du minist\u00e8re des \nAffaires \u00e9trang\u00e8res et de la Coop\u00e9ration internationale (MAECI).<\/p>\n\n\n\n<p>Cet entretien t\u00e9l\u00e9phonique a port\u00e9 sur les relations entre les deux \npays et les voies et moyens de les d\u00e9velopper, notamment en levant les \nobstacles qui ont pu compromettre leur qualit\u00e9 par le pass\u00e9, dont la \nposition du Lesotho sur la question de l\u2019int\u00e9grit\u00e9 territoriale du \nMaroc, ajoute le communiqu\u00e9.<\/p>\n\n\n\n<p>Le Royaume du Lesotho, qui d\u00e9cide aujourd\u2019hui de suspendre toutes ses\n d\u00e9clarations et d\u00e9cisions ant\u00e9rieures concernant la pseudo \u201crasd\u201d, \navait reconnu cette entit\u00e9 fantoche le 9 octobre 1985.<\/p>\n","protected":false},"excerpt":{"rendered":"<p>Rabat, le 4 octobre 2019 (MAP) Le Royaume du Lesotho a publi\u00e9, vendredi, une Note verbale de son minist\u00e8re des<\/p>\n","protected":false},"author":2,"featured_media":3908,"comment_status":"closed","ping_status":"closed","sticky":false,"template":"","format":"standard","meta":{"footnotes":""},"categories":[3,62,7,8],"tags":[],"class_list":["post-3907","post","type-post","status-publish","format-standard","has-post-thumbnail","hentry","category-accueil","category-afrique","category-presse-marocaine","category-provinces-du-sud"],"_links":{"self":[{"href":"http:\/\/anatem.info\/index.php?rest_route=\/wp\/v2\/posts\/3907","targetHints":{"allow":["GET"]}}],"collection":[{"href":"http:\/\/anatem.info\/index.php?rest_route=\/wp\/v2\/posts"}],"about":[{"href":"http:\/\/anatem.info\/index.php?rest_route=\/wp\/v2\/types\/post"}],"author":[{"embeddable":true,"href":"http:\/\/anatem.info\/index.php?rest_route=\/wp\/v2\/users\/2"}],"replies":[{"embeddable":true,"href":"http:\/\/anatem.info\/index.php?rest_route=%2Fwp%2Fv2%2Fcomments&post=3907"}],"version-history":[{"count":1,"href":"http:\/\/anatem.info\/index.php?rest_route=\/wp\/v2\/posts\/3907\/revisions"}],"predecessor-version":[{"id":3909,"href":"http:\/\/anatem.info\/index.php?rest_route=\/wp\/v2\/posts\/3907\/revisions\/3909"}],"wp:featuredmedia":[{"embeddable":true,"href":"http:\/\/anatem.info\/index.php?rest_route=\/wp\/v2\/media\/3908"}],"wp:attachment":[{"href":"http:\/\/anatem.info\/index.php?rest_route=%2Fwp%2Fv2%2Fmedia&parent=3907"}],"wp:term":[{"taxonomy":"category","embeddable":true,"href":"http:\/\/anatem.info\/index.php?rest_route=%2Fwp%2Fv2%2Fcategories&post=3907"},{"taxonomy":"post_tag","embeddable":true,"href":"http:\/\/anatem.info\/index.php?rest_route=%2Fwp%2Fv2%2Ftags&post=3907"}],"curies":[{"name":"wp","href":"https:\/\/api.w.org\/{rel}","templated":true}]}}