{"id":3914,"date":"2019-10-14T15:13:44","date_gmt":"2019-10-14T15:13:44","guid":{"rendered":"http:\/\/anatem.info\/?p=3914"},"modified":"2019-10-14T15:13:44","modified_gmt":"2019-10-14T15:13:44","slug":"texte-integral-du-discours-du-roi-du-maroc-a-loccasion-de-louverture-de-la-1ere-session-de-la-4eme-annee-legislative-de-la-10eme-legislature","status":"publish","type":"post","link":"http:\/\/anatem.info\/?p=3914","title":{"rendered":"Texte int\u00e9gral du discours du Roi du Maroc \u00e0 l&rsquo;occasion de l&rsquo;ouverture de la 1\u00e8re session de la 4\u00e8me ann\u00e9e l\u00e9gislative de la 10\u00e8me l\u00e9gislature"},"content":{"rendered":"\n<p>SM le Roi Mohammed VI, que Dieu L&rsquo;assiste, a prononc\u00e9 le 11 octobre 2019 un discours devant les membres des deux Chambres du Parlement \u00e0 l&rsquo;occasion de l&rsquo;ouverture de la premi\u00e8re session de la 4<sup>\u00e8me <\/sup>ann\u00e9e l\u00e9gislative de la 10<sup>\u00e8me<\/sup> l\u00e9gislature, dont voici le texte int\u00e9gral :<\/p>\n\n\n\n<p>\u00ab\u00a0Louange\n\u00e0 Dieu, Pri\u00e8re et salut sur le Proph\u00e8te, Sa famille et Ses compagnons,<\/p>\n\n\n\n<p>Mesdames\net Messieurs les honorables parlementaires,<\/p>\n\n\n\n<p>Nous\nsommes heureux de pr\u00e9sider l\u2019ouverture de la quatri\u00e8me ann\u00e9e de la pr\u00e9sente\nl\u00e9gislature. C\u2019est, pour Nous, l\u2019occasion de vous rencontrer de nouveau, vous\nles repr\u00e9sentants \u00e9lus de la Nation.<\/p>\n\n\n\n<p>Du\nfait qu\u2019elle intervient au milieu du mandat parlementaire en cours, cette ann\u00e9e\nl\u00e9gislative doit \u00eatre marqu\u00e9e du sceau de la responsabilit\u00e9 et du s\u00e9rieux.<\/p>\n\n\n\n<p>Elle\na, par ailleurs, la particularit\u00e9 d\u2019\u00eatre \u00e9loign\u00e9e du temps des \u00e9lections,\ng\u00e9n\u00e9ralement ponctu\u00e9 de tensions.<\/p>\n\n\n\n<p>Il\nvous appartient, donc, de saisir cette conjoncture favorable pour vous\nacquitter au mieux de la mission dont les citoyens vous ont investis. Votre\ndevoir est aussi d\u2019agir dans un esprit d\u2019\u00e9mulation constructive afin de servir\nleurs int\u00e9r\u00eats, d\u00e9fendre les Causes nationales.<\/p>\n\n\n\n<p>Vous\ndevez aussi aborder cette ann\u00e9e l\u00e9gislative dans la perspective de l\u2019\u00e9tape\nnouvelle dont Nous avons esquiss\u00e9 les contours lors du dernier Discours du\nTr\u00f4ne.<\/p>\n\n\n\n<p>Si\nNotre souci a \u00e9t\u00e9 de d\u00e9finir les d\u00e9fis essentiels ainsi que les enjeux\n\u00e9conomiques et d\u00e9veloppementaux majeurs de cette \u00e9tape, la responsabilit\u00e9 de la\nclasse politique, plus particuli\u00e8rement celle du gouvernement, du parlement,\ndes partis politiques, est de r\u00e9unir les conditions favorables \u00e0 son\naboutissement.<\/p>\n\n\n\n<p>Mesdames,\nMessieurs, les honorables parlementaires,<\/p>\n\n\n\n<p>L\u2019\u00e9tape,\nqui s\u2019amorce d\u00e8s \u00e0 pr\u00e9sent, requiert une implication unanime, fond\u00e9e sur une\nconfiance redoubl\u00e9e, une volont\u00e9 ferme d\u2019\u0153uvrer dans un esprit de collaboration\net d\u2019unit\u00e9, une mobilisation vigilante ; elle doit aussi se caract\u00e9riser par le\nsouci de transcender les vaines querelles et d\u2019enrayer toute perte de temps et\nd\u2019\u00e9nergie.<\/p>\n\n\n\n<p>Ses\nchantiers prioritaires sont l\u2019op\u00e9rationnalisation des r\u00e9formes, le suivi des\nd\u00e9cisions, la r\u00e9alisation des projets.<\/p>\n\n\n\n<p>Ils\nrel\u00e8vent au premier chef des appareils ex\u00e9cutif et l\u00e9gislatif.<\/p>\n\n\n\n<p>Ils\nsont \u00e9galement du ressort du secteur priv\u00e9, en particulier sur le plan du\nfinancement. Mention doit aussi \u00eatre faite du r\u00f4le cl\u00e9 des organisations\ns\u00e9rieuses de la soci\u00e9t\u00e9 civile.<\/p>\n\n\n\n<p>&nbsp;De fait, il incombe au gouvernement de mettre\nau point des plans rigoureux sur la base desquels les d\u00e9cisions et les projets,\nde port\u00e9e nationale, r\u00e9gionale ou locale, pourront \u00eatre soigneusement con\u00e7us,\nminutieusement r\u00e9alis\u00e9s et suivis sur le long terme.<\/p>\n\n\n\n<p>&nbsp;Par ailleurs, gr\u00e2ce au concours de l\u2019Administration\nplac\u00e9e sous son autorit\u00e9, le gouvernement doit veiller \u00e0 l\u2019ex\u00e9cution efficace\ndes d\u00e9cisions, en mettant en place les ressources ad\u00e9quates, plus\nparticuli\u00e8rement les donn\u00e9es statistiques, les m\u00e9canismes d\u2019inspection et de\ncontr\u00f4le. Il doit aussi veiller \u00e0 ce que les diff\u00e9rents intervenants \u0153uvrent\ndans un esprit de transparence, de collaboration, d\u2019harmonie.<\/p>\n\n\n\n<p>&nbsp;A cet \u00e9gard, en mati\u00e8re de responsabilit\u00e9,\naucune d\u00e9robade n\u2019est possible dans le cadre d\u2019une stricte application du\nprincipe de reddition des comptes.<\/p>\n\n\n\n<p>&nbsp;En vertu de la Constitution, le Parlement se\nvoit, lui, investi de larges attributions en mati\u00e8re de production l\u00e9gislative,\nde contr\u00f4le de l\u2019action gouvernementale, d\u2019\u00e9valuation des politiques publiques.<\/p>\n\n\n\n<p>&nbsp;En tant que parlementaires, vous \u00eates donc\nresponsables de la qualit\u00e9 des lois qui encadrent la mise en \u0153uvre effective\ndes projets et des d\u00e9cisions, afin que l\u2019action entreprise refl\u00e8te bien les\ndynamiques \u00e0 l\u2019\u0153uvre au sein de la soci\u00e9t\u00e9, et qu\u2019elle r\u00e9ponde aux attentes et\naux pr\u00e9occupations des citoyens.<\/p>\n\n\n\n<p>Il\nvous appartient \u00e9galement de suivre l\u2019action du gouvernement en termes de\ngestion des affaires publiques, tous domaines confondus et de veiller\nscrupuleusement \u00e0 son ad\u00e9quation avec les pr\u00e9occupations r\u00e9elles des citoyens.<\/p>\n\n\n\n<p>Mesdames,\nMessieurs, les honorables parlementaires,<\/p>\n\n\n\n<p>Les\nd\u00e9cisions prises, si justes soient-elles, les projets programm\u00e9s, si rigoureux\nsoient-ils, d\u00e9pendent, pour leur ex\u00e9cution, de la disponibilit\u00e9 de financements\nsuffisants.<\/p>\n\n\n\n<p>&nbsp;C\u2019est pourquoi J\u2019ai toujours insist\u00e9 sur la\nn\u00e9cessit\u00e9 d\u2019une bonne pr\u00e9paration des programmes et des projets, d\u2019une prise en\ncharge sp\u00e9cifique des questions de financement, d\u2019apurement de l\u2019assiette\nfonci\u00e8re.<\/p>\n\n\n\n<p>&nbsp;En la mati\u00e8re, il est de notori\u00e9t\u00e9 publique\nque les efforts de l\u2019Etat ne suffisent pas, et que, par cons\u00e9quent,\nl\u2019implication du secteur priv\u00e9 dans le processus de d\u00e9veloppement est\nindispensable.<\/p>\n\n\n\n<p>Nous\nfaisons notamment allusion au secteur bancaire et financier, qui constitue,\npour Nous, la cl\u00e9 de vo\u00fbte de toute strat\u00e9gie de d\u00e9veloppement.<\/p>\n\n\n\n<p>L\u2019op\u00e9rationnalisation\net l\u2019accompagnement des projets et des d\u00e9cisions vont au-del\u00e0 de la conclusion\nformelle de contrats et la signature d\u2019accords. Ces op\u00e9rations supposent\n\u00e9galement un contrat moral, puisant aux deux sources de la Raison et de la Conscience.<\/p>\n\n\n\n<p>&nbsp;De ce fait, les diff\u00e9rents acteurs assument\nune responsabilit\u00e9 partag\u00e9e, chaque partie ayant l\u2019obligation d\u2019honorer ses\nengagements, de remplir ses devoirs.<\/p>\n\n\n\n<p>&nbsp;Dans ce contrat, sont ainsi impliqu\u00e9s non\nseulement les institutions de l\u2019Etat et les \u00e9lus, mais aussi le secteur priv\u00e9,\nplus particuli\u00e8rement les organismes de financement, le secteur bancaire.<\/p>\n\n\n\n<p>&nbsp;Le Maroc, Dieu soit lou\u00e9, dispose d\u2019un secteur\nbancaire alliant robustesse, dynamisme et professionnalisme ; autant d\u2019atouts\nqui lui permettent de soutenir la r\u00e9silience et le d\u00e9veloppement de l\u2019\u00e9conomie\nnationale.<\/p>\n\n\n\n<p>&nbsp;Par ailleurs, le syst\u00e8me financier marocain\nfait l\u2019objet d\u2019un contr\u00f4le rigoureux de la part d\u2019institutions nationales\nind\u00e9pendantes, hautement qualifi\u00e9es.<\/p>\n\n\n\n<p>&nbsp;Aussi la cr\u00e9dibilit\u00e9 du secteur bancaire, la\nconfiance dont il jouit s\u2019en trouvent-elles renforc\u00e9es, \u00e0 l\u2019\u00e9chelle nationale\ncomme \u00e0 l\u2019ext\u00e9rieur.<\/p>\n\n\n\n<p>&nbsp;Son niveau d\u2019\u00e9volution lui a permis d\u2019investir\ndans nombre de pays \u00e9trangers, notamment en Afrique.<\/p>\n\n\n\n<p>&nbsp;Pourtant, certaines cat\u00e9gories de la\npopulation, qui le consid\u00e8rent comme un organisme ne recherchant qu\u2019un profit\nimm\u00e9diat et sans risque, en ont une perception n\u00e9gative.<\/p>\n\n\n\n<p>&nbsp;Cette repr\u00e9sentation est justifi\u00e9e par des\nfaits, tels que le difficile acc\u00e8s des jeunes entrepreneurs au cr\u00e9dit, le\nfaible accompagnement des dipl\u00f4m\u00e9s et des petites et moyennes entreprises lors\nde leur cr\u00e9ation.<\/p>\n\n\n\n<p>&nbsp;Je mesure parfaitement combien il est malais\u00e9\nde faire \u00e9voluer certaines mentalit\u00e9s dans le secteur bancaire. Dans le m\u00eame\nordre d\u2019id\u00e9es, j\u2019ai d\u00e9j\u00e0 soulign\u00e9 la n\u00e9cessit\u00e9 de changer les mentalit\u00e9s au\nsein de l\u2019Administration, pour mettre fin \u00e0 des comportements pr\u00e9judiciables au\nd\u00e9veloppement et \u00e0 l\u2019investissement.<\/p>\n\n\n\n<p>&nbsp;Aussi exhortons-Nous le secteur bancaire\nnational \u00e0 un engagement plus ferme, \u00e0 une implication positive plus vigoureuse\ndans la dynamique de d\u00e9veloppement que conna\u00eet notre pays.<\/p>\n\n\n\n<p>&nbsp;Cet effort doit porter sp\u00e9cifiquement sur le\nfinancement de l\u2019investissement, l\u2019appui aux activit\u00e9s productives,\npourvoyeuses d\u2019emplois et g\u00e9n\u00e9ratrices de revenus.<\/p>\n\n\n\n<p>&nbsp;A cet \u00e9gard, outre l\u2019engagement des banques\naupr\u00e8s des grandes entreprises en termes d\u2019appui et de financement, Nous les\nincitions \u00e0 s\u2019acquitter de la mission pr\u00e9pond\u00e9rante qui leur \u00e9choit en mati\u00e8re\nde d\u00e9veloppement.<\/p>\n\n\n\n<p>&nbsp;Pour cela, elles doivent notamment simplifier\net faciliter les proc\u00e9dures d\u2019acc\u00e8s au cr\u00e9dit, s\u2019ouvrir davantage aux\nautoentrepreneurs, financer les petites et moyennes entreprises.<\/p>\n\n\n\n<p>&nbsp;A cet effet, Nous invitons le gouvernement et\nBank Al-Maghrib, en coordination avec le groupement professionnel des banques\ndu Maroc, \u00e0 \u0153uvrer \u00e0 la mise au point d\u2019un programme sp\u00e9cial d\u2019appui aux jeunes\ndipl\u00f4m\u00e9s, de financement des projets d\u2019auto-emploi.<\/p>\n\n\n\n<p>&nbsp;Eu \u00e9gard \u00e0 leurs retomb\u00e9es positives sur\nnombre de familles et sur l\u2019ensemble de la soci\u00e9t\u00e9, il convient de s\u2019inspirer\ndes exp\u00e9riences fructueusement men\u00e9es par les organismes qui financent des\nprojets port\u00e9s par des jeunes, facilitant ainsi leur insertion\nsocioprofessionnelle.<\/p>\n\n\n\n<p>Notre\nsouhait est que ce plan, dont Je suivrai les diff\u00e9rentes phases avec le\ngouvernement et le reste des parties prenantes, s\u2019articule autour des axes\nsuivants :<\/p>\n\n\n\n<p>&nbsp;Premi\u00e8rement : favoriser l\u2019acc\u00e8s, aux cr\u00e9dits\nbancaires, du plus grand nombre de jeunes qualifi\u00e9s, porteurs de projets et\nissus des diff\u00e9rentes cat\u00e9gories sociales, pour leur permettre de s\u2019engager\ndans l\u2019entreprenariat et de b\u00e9n\u00e9ficier des meilleures chances de r\u00e9ussite.<\/p>\n\n\n\n<p>&nbsp;Deuxi\u00e8mement : soutenir les petites et\nmoyennes entreprises sp\u00e9cialis\u00e9es dans les activit\u00e9s d\u2019exportation, notamment\nvers l\u2019Afrique, et leur permettre de capter une partie de la valeur ajout\u00e9e\ng\u00e9n\u00e9r\u00e9e au profit de l\u2019\u00e9conomie nationale.<\/p>\n\n\n\n<p>&nbsp;Troisi\u00e8mement : faciliter l\u2019acc\u00e8s aux\nprestations bancaires et aux opportunit\u00e9s d\u2019insertion professionnelle et\n\u00e9conomique, \u00e0 l\u2019ensemble des citoyens, en g\u00e9n\u00e9ral et aux travailleurs du\nsecteur informel, en particulier.<\/p>\n\n\n\n<p>&nbsp;Nul besoin de rappeler que le dynamisme\n\u00e9conomique passe par le d\u00e9veloppement des transactions bancaires.<\/p>\n\n\n\n<p>&nbsp;A cet \u00e9gard, Je tiens \u00e0 saluer les r\u00e9sultats\nobtenus au cours des deux derni\u00e8res d\u00e9cennies, qui ont vu tripler le taux de\nbancarisation de la population marocaine.<\/p>\n\n\n\n<p>&nbsp;Dans ces conditions, en mettant \u00e0 profit les\ntechnologies nouvelles et les innovations financi\u00e8res, il convient que les\nbanques redoublent d\u2019efforts pour \u00e9largir la proportion des Marocains qui\nrecourent aux prestations bancaires et aux dispositifs de financement. Les deux\nparties pourront ainsi en tirer avantage dans une logique d\u2019\u00e9quilibre et\nd\u2019\u00e9quit\u00e9, qui profite in fine au processus de d\u00e9veloppement.<\/p>\n\n\n\n<p>&nbsp;Ce plan n\u2019atteindra pas ses objectifs si les\ncitoyens b\u00e9n\u00e9ficiaires ne s\u2019impliquent pas de mani\u00e8re responsable et ne\nrespectent pas les engagements induits par les pr\u00eats contract\u00e9s.<\/p>\n\n\n\n<p>&nbsp;Par ailleurs, il appartient aux institutions\net aux autorit\u00e9s de r\u00e9gulation et de contr\u00f4le financiers d\u2019assurer le suivi des\ndiff\u00e9rentes op\u00e9rations, de veiller \u00e0 instaurer une relation \u00e9quilibr\u00e9e, fond\u00e9e\nsur la confiance entre organismes de financement et d\u00e9biteurs.<\/p>\n\n\n\n<p>&nbsp;A cette occasion, Je rappelle la\nresponsabilit\u00e9 sociale qui incombe \u00e0 l\u2019entreprise financi\u00e8re, ainsi que sa\nn\u00e9cessaire participation aux initiatives constructives, qu\u2019elles soient \u00e0\nvocation sociale ou humanitaire, ou qu\u2019elles visent la pr\u00e9servation de\nl\u2019environnement, la promotion du d\u00e9veloppement durable.<\/p>\n\n\n\n<p>&nbsp;Mesdames, Messieurs, les honorables parlementaires,<\/p>\n\n\n\n<p>La\nconstruction d\u2019un Maroc \u00e9volu\u00e9 et d\u00e9velopp\u00e9, la formulation de r\u00e9ponses\nappropri\u00e9es aux pr\u00e9occupations et aux attentes de ses citoyens, n\u00e9cessitent la\nmutualisation et la mise en coh\u00e9rence des efforts.<\/p>\n\n\n\n<p>De\ncette tribune, J\u2019invite l\u2019institution l\u00e9gislative que vous repr\u00e9sentez,\nl\u2019appareil ex\u00e9cutif, ainsi que le secteur priv\u00e9, plus particuli\u00e8rement le\nsecteur bancaire, \u00e0 s\u2019associer \u00e0 l\u2019effort de d\u00e9veloppement national, \u00e0\ncontribuer \u00e0 la r\u00e9ussite de l\u2019\u00e9tape nouvelle dans laquelle nous nous engageons.<\/p>\n\n\n\n<p>Soyez,\nque Dieu vous garde, \u00e0 la hauteur de cette \u00e9tape qui requiert un sens \u00e9lev\u00e9 des\nresponsabilit\u00e9s, un engagement fort, la volont\u00e9 ferme de faire pr\u00e9valoir\nl\u2019int\u00e9r\u00eat sup\u00e9rieur de la Nation, pour que soient assur\u00e9s la prosp\u00e9rit\u00e9 du pays\net le bien-\u00eatre de sa population.<\/p>\n\n\n\n<p>Dieu\na dit : \u00ab ? vous qui avez la foi ! Ob\u00e9issez \u00e0 Dieu, ob\u00e9issez au Messager, et ne\nrendez pas vaines vos \u0153uvres \u00bb. V\u00e9ridique est la parole de Dieu.<\/p>\n\n\n\n<p>Wassalamou\nalaykoum warahmatou Allah wabarakatouh\u00a0\u00bb.<\/p>\n","protected":false},"excerpt":{"rendered":"<p>SM le Roi Mohammed VI, que Dieu L&rsquo;assiste, a prononc\u00e9 le 11 octobre 2019 un discours devant les membres des<\/p>\n","protected":false},"author":2,"featured_media":3915,"comment_status":"closed","ping_status":"closed","sticky":false,"template":"","format":"standard","meta":{"footnotes":""},"categories":[3,62,4,5,7,8],"tags":[],"class_list":["post-3914","post","type-post","status-publish","format-standard","has-post-thumbnail","hentry","category-accueil","category-afrique","category-competences-mre","category-maghreb-news","category-presse-marocaine","category-provinces-du-sud"],"_links":{"self":[{"href":"http:\/\/anatem.info\/index.php?rest_route=\/wp\/v2\/posts\/3914","targetHints":{"allow":["GET"]}}],"collection":[{"href":"http:\/\/anatem.info\/index.php?rest_route=\/wp\/v2\/posts"}],"about":[{"href":"http:\/\/anatem.info\/index.php?rest_route=\/wp\/v2\/types\/post"}],"author":[{"embeddable":true,"href":"http:\/\/anatem.info\/index.php?rest_route=\/wp\/v2\/users\/2"}],"replies":[{"embeddable":true,"href":"http:\/\/anatem.info\/index.php?rest_route=%2Fwp%2Fv2%2Fcomments&post=3914"}],"version-history":[{"count":1,"href":"http:\/\/anatem.info\/index.php?rest_route=\/wp\/v2\/posts\/3914\/revisions"}],"predecessor-version":[{"id":3916,"href":"http:\/\/anatem.info\/index.php?rest_route=\/wp\/v2\/posts\/3914\/revisions\/3916"}],"wp:featuredmedia":[{"embeddable":true,"href":"http:\/\/anatem.info\/index.php?rest_route=\/wp\/v2\/media\/3915"}],"wp:attachment":[{"href":"http:\/\/anatem.info\/index.php?rest_route=%2Fwp%2Fv2%2Fmedia&parent=3914"}],"wp:term":[{"taxonomy":"category","embeddable":true,"href":"http:\/\/anatem.info\/index.php?rest_route=%2Fwp%2Fv2%2Fcategories&post=3914"},{"taxonomy":"post_tag","embeddable":true,"href":"http:\/\/anatem.info\/index.php?rest_route=%2Fwp%2Fv2%2Ftags&post=3914"}],"curies":[{"name":"wp","href":"https:\/\/api.w.org\/{rel}","templated":true}]}}