{"id":3935,"date":"2019-10-31T15:26:04","date_gmt":"2019-10-31T15:26:04","guid":{"rendered":"http:\/\/anatem.info\/?p=3935"},"modified":"2019-10-31T15:26:04","modified_gmt":"2019-10-31T15:26:04","slug":"reaction-a-la-profanation-du-drapeau-marocain-a-paris-le-polisario-serait-de-la-partie","status":"publish","type":"post","link":"http:\/\/anatem.info\/?p=3935","title":{"rendered":"R\u00e9action \u00e0 la profanation du drapeau marocain \u00e0 Paris : Le polisario serait de la partie."},"content":{"rendered":"\n<p>\nIl\n n\u2019en fallait pas plus pour que le peuple marocain dans son ensemble \ns\u2019\u00e9l\u00e8ve \u00e0 la piteuse marche de Paris au cours de laquelle des expatri\u00e9s \nmarocains d\u2019origine rifaine venus d\u2019Allemagne, d\u2019Espagne\n et des Pays-Bas, sans oublier ceux de France, se sont donn\u00e9s \nrendez-vous, le 26 octobre 2017, \u00e0 Place de la Bastille.<\/p>\n\n\n\n<p>\nCes\n soi-disant manifestants ont fait tomber leur masque au cours de cette \npseudo manifestation puisque ces \u00e9meutiers, des migrants marocains, ne \nparlaient plus de revendications socio-\u00e9conomiques\n mais d\u2019ind\u00e9pendance du Rif et se sont alli\u00e9s aux terro-polisariens en \npi\u00e9tinant et br\u00fblant le drapeau National marocain avant de le jeter dans\n une benne \u00e0 ordures. N\u2019est-ce pas Fatima, l\u2019allumeuse et danseuse de \ncharlestone&nbsp;!<\/p>\n\n\n\n<p>\nCet\n outrage r\u00e9v\u00e8le, si besoin en est, que les revendications sociales qui \nont \u00e9t\u00e9 mises en avant lors de ladite manifestation ne sont qu\u2019une \npremi\u00e8re \u00e9tape qui m\u00e8ne aux v\u00e9ritables\n vis\u00e9es des instigateurs de ces \u00e9v\u00e9nements \u00e0 savoir le s\u00e9paratisme.<\/p>\n\n\n\n<p>\nCes\n s\u00e9cessionnistes de la 25\u00e8me heure n\u2019ont m\u00eame pas su accorder leur \nviolon au d\u00e9part de cette marche et se sont disput\u00e9s avant de se \ns\u00e9parer, pour se scinder en deux marches distinctes. Le premier\n groupe \u00e9tait compos\u00e9 de 350 personnes et le deuxi\u00e8me, partisan de \nZefzafi et compagnie, d\u2019environ 150 personnes et il a \u00e9t\u00e9 \npermis&nbsp;d\u2019assister, \u00e0 la place de la Bastille, \u00e0 la dispute provoqu\u00e9e par\n l\u2019intransigeance de chaque faction qui tenait \u00e0 occuper les\n premiers rangs du cort\u00e8ge. <\/p>\n\n\n\n<p>\nA\n signaler que les \u00e9meutiers rifains en ont profit\u00e9 pour interdire aux \ngens de brandir le drapeau National marocain et les obliger \u00e0 porter les\n drapeaux fictifs d\u2019une r\u00e9publique fant\u00f4me. Et, pour\n consacrer ces vis\u00e9es s\u00e9paratistes, plusieurs \u00e9l\u00e9ments terro-polisariens\n ont particip\u00e9 \u00e0 la manifestation de Paris, avec \u00e0 leur t\u00eate Bachir \nMoutik.<\/p>\n\n\n\n<p>\nLe\n dirigeant polisarien qui marchait \u00e0 la t\u00eate du cort\u00e8ge essayait m\u00eame de\n coordonner avec les activistes en provenance d\u2019Espagne pour unifier les\n slogans et incitait m\u00eame les manifestants \u00e0 br\u00fbler\n le drapeau marocain. Des images qui ont provoqu\u00e9 la col\u00e8re des \nMarocains qui consid\u00e8rent l\u2019atteinte au drapeau National comme une \noffense.<\/p>\n\n\n\n<p>\nD\u2019ailleurs, le \nConseil de la Communaut\u00e9 Marocaine \u00e0 l&rsquo;Etranger (CCME) a condamn\u00e9, le 27\n octobre 2019, les agissements de certains s\u00e9paratistes&nbsp;qui ont br\u00fbl\u00e9 le\n drapeau National marocain lors d&rsquo;une manifestation, le 26 octobre 2019 \u00e0\n Paris. Cet acte \u00ab&nbsp;enfantin et l\u00e2che&nbsp;\u00bb est\n une \u00ab&nbsp;atteinte grave \u00e0 l\u2019un des symboles de la Souverainet\u00e9 Nationale \net \u00e0 la dignit\u00e9 des Marocains&nbsp;\u00bb aussi bien dans le Royaume du Maroc \nqu&rsquo;ailleurs, a d\u00e9nonc\u00e9 le Conseil dans un communiqu\u00e9.<\/p>\n\n\n\n<p>\n\u00ab&nbsp;La\n profanation du drapeau National est un acte criminel qui n\u2019a aucun \nrapport avec la libert\u00e9 d\u2019expression&nbsp;\u00bb, a de son c\u00f4t\u00e9 soulign\u00e9 le \nSecr\u00e9taire G\u00e9n\u00e9ral du CCME Abdellah Boussouf,\n ajoutant que ce \u00ab&nbsp;comportement barbare nuit \u00e0 des g\u00e9n\u00e9rations de \nMarocains et Marocaines, du Nord comme du Sud du Royaume du Maroc, qui \nont consenti d\u2019immenses sacrifices pour l\u2019ind\u00e9pendance du Maroc, l\u2019unit\u00e9\n de ses terres ainsi que pour son progr\u00e8s et d\u00e9veloppement&nbsp;\u00bb.<\/p>\n\n\n\n<p>\nAvec\n ces propos du Secr\u00e9taire G\u00e9n\u00e9ral de CCME, les responsables fran\u00e7ais \nauront mati\u00e8re \u00e0 bien r\u00e9fl\u00e9chir sur les cons\u00e9quences de leurs actes \npassifs du 26 octobre 2019 lors de cette sordide manifestation\n parisienne.<\/p>\n\n\n\n<p>\nQuant\n \u00e0 la fille cadette d\u2019Abdelkrim El Khattabi, A\u00efcha El Khattabi, elle \ns\u2019en est prise violemment \u00e0 ces voyous de la derni\u00e8re heure qui ne \ncherchaient qu\u2019\u00e0 instrumentaliser la m\u00e9moire de son p\u00e8re\n \u00e0 des fins s\u00e9paratistes.<\/p>\n\n\n\n<p>\nLa\n fille du h\u00e9ros de la guerre du Rif contre l\u2019Espagne et la France a m\u00eame\n d\u00e9clar\u00e9 que son d\u00e9funt p\u00e8re n\u2019avait jamais envisag\u00e9 la s\u00e9paration de \nRif du Maroc et a m\u00eame soulign\u00e9 les efforts consentis\n par le Roi du Maroc pour r\u00e9pondre aux attentes socio-\u00e9conomiques de la \npopulation de cette r\u00e9gion ch\u00e8re au Maroc.<\/p>\n\n\n\n<p>\nM\u00eame\n les repr\u00e9sentants du peuple marocain, toutes tendances confondues, ont \nentonn\u00e9, le 28 octobre 2019, l\u2019hymne nationale au sein du Parlement \nmarocain pour exprimer leur d\u00e9go\u00fbt total de ces agissements\n provocateurs perp\u00e9tr\u00e9s \u00e0 Paris.<\/p>\n\n\n\n<p> Au  final, ces d\u00e9c\u00e9r\u00e9br\u00e9s de tra\u00eetres \u00e0 la Nation marocaine, \u00e0 la solde des  ennemis du Maroc, ont tent\u00e9 lamentablement de d\u00e9vier des revendications  purement socio-\u00e9conomiques \u00e0 des fins de s\u00e9paratisme  avec l\u2019aide des terro-polisariens, de leurs mentors alg\u00e9riens et de  leurs soutiens fran\u00e7ais. La facture sera extr\u00eamement sal\u00e9e pour ces  tra\u00eetres \u00e0 leur Nation\u00a0! <\/p>\n\n\n\n<p>Farid Mnebhi. <\/p>\n","protected":false},"excerpt":{"rendered":"<p>Il n\u2019en fallait pas plus pour que le peuple marocain dans son ensemble s\u2019\u00e9l\u00e8ve \u00e0 la piteuse marche de Paris<\/p>\n","protected":false},"author":2,"featured_media":3936,"comment_status":"closed","ping_status":"closed","sticky":false,"template":"","format":"standard","meta":{"footnotes":""},"categories":[3,5],"tags":[],"class_list":["post-3935","post","type-post","status-publish","format-standard","has-post-thumbnail","hentry","category-accueil","category-maghreb-news"],"_links":{"self":[{"href":"http:\/\/anatem.info\/index.php?rest_route=\/wp\/v2\/posts\/3935","targetHints":{"allow":["GET"]}}],"collection":[{"href":"http:\/\/anatem.info\/index.php?rest_route=\/wp\/v2\/posts"}],"about":[{"href":"http:\/\/anatem.info\/index.php?rest_route=\/wp\/v2\/types\/post"}],"author":[{"embeddable":true,"href":"http:\/\/anatem.info\/index.php?rest_route=\/wp\/v2\/users\/2"}],"replies":[{"embeddable":true,"href":"http:\/\/anatem.info\/index.php?rest_route=%2Fwp%2Fv2%2Fcomments&post=3935"}],"version-history":[{"count":1,"href":"http:\/\/anatem.info\/index.php?rest_route=\/wp\/v2\/posts\/3935\/revisions"}],"predecessor-version":[{"id":3937,"href":"http:\/\/anatem.info\/index.php?rest_route=\/wp\/v2\/posts\/3935\/revisions\/3937"}],"wp:featuredmedia":[{"embeddable":true,"href":"http:\/\/anatem.info\/index.php?rest_route=\/wp\/v2\/media\/3936"}],"wp:attachment":[{"href":"http:\/\/anatem.info\/index.php?rest_route=%2Fwp%2Fv2%2Fmedia&parent=3935"}],"wp:term":[{"taxonomy":"category","embeddable":true,"href":"http:\/\/anatem.info\/index.php?rest_route=%2Fwp%2Fv2%2Fcategories&post=3935"},{"taxonomy":"post_tag","embeddable":true,"href":"http:\/\/anatem.info\/index.php?rest_route=%2Fwp%2Fv2%2Ftags&post=3935"}],"curies":[{"name":"wp","href":"https:\/\/api.w.org\/{rel}","templated":true}]}}