{"id":3940,"date":"2019-10-31T10:36:51","date_gmt":"2019-10-31T10:36:51","guid":{"rendered":"http:\/\/anatem.info\/?p=3940"},"modified":"2019-10-31T15:39:33","modified_gmt":"2019-10-31T15:39:33","slug":"sahara-la-nouveaute-dans-la-resolution-2494-est-la-consecration-des-tables-rondes-en-tant-que-processus","status":"publish","type":"post","link":"http:\/\/anatem.info\/?p=3940","title":{"rendered":"Sahara : La nouveaut\u00e9 dans la r\u00e9solution 2494 est la cons\u00e9cration des tables-rondes en tant que \u201cprocessus\u201d"},"content":{"rendered":"\n<p>New York, le 30 octobre 2019 (MAP) La nouveaut\u00e9 dans la r\u00e9solution 2494,  adopt\u00e9e mercredi par le Conseil de s\u00e9curit\u00e9 de l\u2019ONU sur la question du  Sahara marocain, est la cons\u00e9cration, pour la premi\u00e8re fois, des  tables-rondes en tant que \u201cprocessus\u201d dans lequel les quatre  participants (Maroc, Alg\u00e9rie, Mauritanie et polisario) sont appel\u00e9s \u00e0  s\u2019engager de mani\u00e8re constructive, pleine et responsable, jusqu\u2019\u00e0 son  aboutissement, a affirm\u00e9 l\u2019ambassadeur repr\u00e9sentant permanent du Maroc  aupr\u00e8s des Nations-Unies, Omar Hilale.<\/p>\n\n\n\n<p>\u201cCette cons\u00e9cration vient consolider le momentum positif que les deux\n tables-rondes de Gen\u00e8ve ont cr\u00e9\u00e9 et dont le Conseil de S\u00e9curit\u00e9 s\u2019est, \nune fois de plus, f\u00e9licit\u00e9\u201d, a d\u00e9clar\u00e9 M. Hilale lors d\u2019une conf\u00e9rence \nde presse au si\u00e8ge de l\u2019ONU suite \u00e0 l\u2019adoption de cette r\u00e9solution.<\/p>\n\n\n\n<p>La r\u00e9solution 2494 a, ainsi, \u201cclairement trac\u00e9 la voie\u201d pour le \nprochain Envoy\u00e9 personnel du Secr\u00e9taire g\u00e9n\u00e9ral de l\u2019ONU pour le Sahara \npour reprendre le processus politique l\u00e0 o\u00f9 l\u2019ancien Envoy\u00e9 personnel, \nHorst K?hler, s\u2019est arr\u00eat\u00e9, a affirm\u00e9 l\u2019ambassadeur marocain.<\/p>\n\n\n\n<p>A cet \u00e9gard, M. Hilale a tenu \u00e0 rendre un vibrant hommage \u00e0 M. K?hler\n pour \u201cson d\u00e9vouement, son engagement et sa pers\u00e9v\u00e9rance\u201d, qui ont \npermis d\u2019insuffler une dynamique positive au processus politique sur la \nquestion du Sahara marocain.<\/p>\n\n\n\n<p>Le prochain Envoy\u00e9 personnel \u201ctrouvera un momentum positif et un \nprocessus solide qui constitueront la base de son travail\u201d, a-t-il \nassur\u00e9.<\/p>\n\n\n\n<p>Pour M. Hilale, la r\u00e9solution 2494 repr\u00e9sente \u201cbien plus qu\u2019un simple\n renouvellement technique\u201d du mandat de la Minurso, en ce sens qu\u2019elle \n\u201cr\u00e9affirme, conforte et consacre les param\u00e8tres fondamentaux\u201d de la \nsolution politique du diff\u00e9rend r\u00e9gional sur le Sahara marocain, \u00e0 \nsavoir que la solution \u00e0 ce diff\u00e9rend doit imp\u00e9rativement \u00eatre \npolitique, r\u00e9aliste, pragmatique, durable et bas\u00e9e sur le compromis. Ce \nqui consacre, une fois de plus, que le Conseil de S\u00e9curit\u00e9 et l\u2019ONU dans\n son ensemble ont d\u00e9finitivement enterr\u00e9 tous les plans d\u00e9suets, datant \nd\u2019avant 2007.<\/p>\n\n\n\n<p>Deuxi\u00e8mement, que les quatre participants au processus politique \nsont, une fois pour toute, d\u00e9finis. Ils sont cit\u00e9s, ensemble, au m\u00eame \ntitre, \u00e0 cinq reprises (Maroc, Alg\u00e9rie, Mauritanie et polisario).<\/p>\n\n\n\n<p>Troisi\u00e8mement, la pr\u00e9\u00e9minence de l\u2019initiative marocaine d\u2019autonomie, \nqui est confort\u00e9e, pour la 13\u00e8me ann\u00e9e cons\u00e9cutive et consid\u00e9r\u00e9e comme \ns\u00e9rieuse et cr\u00e9dible.<\/p>\n\n\n\n<p>\u201cL\u2019autonomie, dans le cadre de l\u2019int\u00e9grit\u00e9 territoriale et la \nsouverainet\u00e9 nationale du Royaume, demeure la seule et unique solution \u00e0\n ce diff\u00e9rend r\u00e9gional\u201d, a r\u00e9affirm\u00e9 M. Hilale.<\/p>\n\n\n\n<p>La position du Maroc \u00e0 ce sujet, a-t-il poursuivi, est \u201cirr\u00e9versible \net irr\u00e9fragable\u201d, comme cela fut exprim\u00e9 clairement lors des deux \ntables-rondes de Gen\u00e8ve ainsi que lors des consultations bilat\u00e9rales \navec l\u2019ancien Envoy\u00e9 personnel du Secr\u00e9taire g\u00e9n\u00e9ral de l\u2019ONU.<\/p>\n\n\n\n<p>Par ailleurs, M. Hilale a relev\u00e9 que la r\u00e9solution 2494 se f\u00e9licite, \nune fois de plus, des mesures et initiatives prises par le Maroc dans le\n domaine des droits de l\u2019Homme et de son interaction avec les m\u00e9canismes\n relevant des proc\u00e9dures sp\u00e9ciales du Conseil des droits de l\u2019homme.<\/p>\n\n\n\n<p>Elle r\u00e9it\u00e8re \u00e9galement ses f\u00e9licitations aux Commissions du Conseil \nnational des droits de l\u2019Homme \u00e0 Dakhla et \u00e0 La\u00e2youne, pour le r\u00f4le \nqu\u2019elles jouent pour la promotion et la protection des droits de l\u2019Homme\n au Sahara marocain, a not\u00e9 M. Hilale, faisant observer que ceci \nrepr\u00e9sente \u201cun d\u00e9saveu \u00e0 ceux qui tentent de d\u00e9nigrer le climat de \nrespect des droits de l\u2019Homme et des libert\u00e9s fondamentales au Sahara \nmarocain\u201d.<\/p>\n\n\n\n<p>Enfin, la nouvelle r\u00e9solution r\u00e9it\u00e8re l\u2019appel du Conseil de S\u00e9curit\u00e9,\n depuis 2011, pour l\u2019enregistrement des populations des camps de \nTindouf, a relev\u00e9 l\u2019ambassadeur marocain, ajoutant que le Haut \nCommissariat pour les R\u00e9fugi\u00e9s (HCR) doit pouvoir remplir son mandat \nstatutaire et effectuer le recensement et l\u2019enregistrement de ces \npopulations, conform\u00e9ment au droit international humanitaire et comme il\n le fait dans tous les autres camps dans le monde.<\/p>\n\n\n\n<p>\u201cTindouf ne peut pas rester une exception. Le pays h\u00f4te et le \npolisario ne peuvent se d\u00e9rober de cette obligation\u201d, a martel\u00e9 M. \nHilale.<\/p>\n","protected":false},"excerpt":{"rendered":"<p>New York, le 30 octobre 2019 (MAP) La nouveaut\u00e9 dans la r\u00e9solution 2494, adopt\u00e9e mercredi par le Conseil de s\u00e9curit\u00e9<\/p>\n","protected":false},"author":2,"featured_media":3320,"comment_status":"closed","ping_status":"closed","sticky":false,"template":"","format":"standard","meta":{"footnotes":""},"categories":[3,62,8],"tags":[],"class_list":["post-3940","post","type-post","status-publish","format-standard","has-post-thumbnail","hentry","category-accueil","category-afrique","category-provinces-du-sud"],"_links":{"self":[{"href":"http:\/\/anatem.info\/index.php?rest_route=\/wp\/v2\/posts\/3940","targetHints":{"allow":["GET"]}}],"collection":[{"href":"http:\/\/anatem.info\/index.php?rest_route=\/wp\/v2\/posts"}],"about":[{"href":"http:\/\/anatem.info\/index.php?rest_route=\/wp\/v2\/types\/post"}],"author":[{"embeddable":true,"href":"http:\/\/anatem.info\/index.php?rest_route=\/wp\/v2\/users\/2"}],"replies":[{"embeddable":true,"href":"http:\/\/anatem.info\/index.php?rest_route=%2Fwp%2Fv2%2Fcomments&post=3940"}],"version-history":[{"count":1,"href":"http:\/\/anatem.info\/index.php?rest_route=\/wp\/v2\/posts\/3940\/revisions"}],"predecessor-version":[{"id":3941,"href":"http:\/\/anatem.info\/index.php?rest_route=\/wp\/v2\/posts\/3940\/revisions\/3941"}],"wp:featuredmedia":[{"embeddable":true,"href":"http:\/\/anatem.info\/index.php?rest_route=\/wp\/v2\/media\/3320"}],"wp:attachment":[{"href":"http:\/\/anatem.info\/index.php?rest_route=%2Fwp%2Fv2%2Fmedia&parent=3940"}],"wp:term":[{"taxonomy":"category","embeddable":true,"href":"http:\/\/anatem.info\/index.php?rest_route=%2Fwp%2Fv2%2Fcategories&post=3940"},{"taxonomy":"post_tag","embeddable":true,"href":"http:\/\/anatem.info\/index.php?rest_route=%2Fwp%2Fv2%2Ftags&post=3940"}],"curies":[{"name":"wp","href":"https:\/\/api.w.org\/{rel}","templated":true}]}}