{"id":3944,"date":"2019-11-06T16:06:58","date_gmt":"2019-11-06T16:06:58","guid":{"rendered":"http:\/\/anatem.info\/?p=3944"},"modified":"2019-11-06T16:08:03","modified_gmt":"2019-11-06T16:08:03","slug":"apres-lonu-laffaire-ahmed-el-khalil-bientot-portee-devant-la-cpi-et-au-comite-des-dh-de-lonu","status":"publish","type":"post","link":"http:\/\/anatem.info\/?p=3944","title":{"rendered":"Apr\u00e8s l\u2019ONU, l\u2019affaire Ahmed El Khalil bient\u00f4t port\u00e9e devant la CPI et au comit\u00e9 des DH de l\u2019ONU"},"content":{"rendered":"\n<p>Paris, le 4 novembre 2019 (MAP). Apr\u00e8s avoir port\u00e9 devant la quatri\u00e8me commission de  l\u2019Assembl\u00e9e g\u00e9n\u00e9rale de l\u2019ONU, l\u2019affaire Ahmed El Khalil, un ancien  dirigeant du \u00ab Polisario \u00bb disparu depuis 2009, l\u2019avocat fran\u00e7ais Me  Hubert Seillan, compte saisir la Cour p\u00e9nale Internationale (CPI) et le  comit\u00e9 des Droits de l\u2019Homme \u00e0 Gen\u00e8ve sur ce cas de disparition forc\u00e9e  jamais \u00e9lucid\u00e9.<\/p>\n\n\n\n<p>Mandat\u00e9 par la famille du disparu, dont deux de ses fr\u00e8res et deux de\n ses fils, Me Seillan, avocat \u00e0 la Cour d\u2019appel de Paris, a interpell\u00e9, \nr\u00e9cemment, la quatri\u00e8me Commission au sujet du sort de son client Ahmed \nEl Khalil, en charge du \u201cdossier des droits de l\u2019Homme et conseiller\u201d \naupr\u00e8s du chef du \u00ab polisario \u00bb, arr\u00eat\u00e9 le 6 janvier 2009 alors qu\u2019il \n\u00e9tait en route pour intervenir \u00e0 la facult\u00e9 d\u2019Alger sur les Droits de \nl\u2019Homme o\u00f9 il comptait d\u00e9noncer certaines pratiques dans les camps de \nTindouf, notamment des pratiques de malversation financi\u00e8re et \nd\u2019atteinte aux droits de l\u2019Homme.<\/p>\n\n\n\n<p>\u00ab Ahmed El Khalil \u00e9tait en d\u00e9nonciation de l\u2019appareil lorsqu\u2019on l\u2019a \narr\u00eat\u00e9. Depuis, on ne l\u2019a plus jamais revu \u00bb, confie Me Hubert Seillan \u00e0\n la MAP.<\/p>\n\n\n\n<p>\u00ab Sa famille est venue \u00e0 ma rencontre lors de l\u2019un de mes voyages. \nC\u2019\u00e9tait \u00e0 Smara et l\u2019un de ses fr\u00e8res puis un second sont venus et m\u2019ont\n confi\u00e9 le dossier me demandant de les aider \u00e0 y voir clair et de \nprendre la d\u00e9fense des int\u00e9r\u00eats de Ahmed El Khalil \u00bb, affirme l\u2019avocat \nfran\u00e7ais qui a accept\u00e9 de prendre en main le dossier.<\/p>\n\n\n\n<p>L\u2019avocat fran\u00e7ais va rencontrer ensuite l\u2019un des fils du disparu, \nRachid El Khalil qui vit dans le Sud ouest de la France et qui va lui \naussi le confirmer dans ce dossier. \u00ab Aujourd\u2019hui, toute la famille m\u2019a \nconfirm\u00e9 cette mission \u00bb, affirme Me Hubert Seillan d\u00e9termin\u00e9 \u00e0 faire \ntoute la lumi\u00e8re sur ce cas de disparition forc\u00e9e, tout en reconnaissant\n que la t\u00e2che est ardue.<\/p>\n\n\n\n<p>D\u2019abord, \u00ab j\u2019ai commenc\u00e9 par envoyer une plainte \u00e0 Alger aupr\u00e8s du \nprocureur sans qu\u2019aucune r\u00e9ponse me soit donn\u00e9e. J\u2019ai ensuite alert\u00e9 la \nCroix rouge internationale. En vain. Ils pr\u00e9tendent que c\u2019est aux gens \nde Tindouf de saisir la Croix rouge \u00bb. C\u2019est d\u2019un cynisme aberrant: \u00ab \ncroyez-vous qu\u2019il leur ait commode aux gens de Tindouf de saisir la \nCroix rouge \u00bb, s\u2019interroge Me Seillan qui regrette la position de la \nCroix Rouge.<\/p>\n\n\n\n<p>\u00ab Je suis d\u00e9sol\u00e9, mais il faut le dire. Aujourd\u2019hui, la Croix rouge \npose un probl\u00e8me de formalisme qui me g\u00e8ne\u00bb, affirme-t-il estimant qu\u2019il\n y a des situations o\u00f9 la Croix rouge doit se saisir elle-m\u00eame des \ndossiers.<\/p>\n\n\n\n<p>Face \u00e0 l\u2019inertie de la Croix Rouge, Me Hubert Seillan d\u00e9cide alors \nd\u2019avertir des ONG des Droits de l\u2019Homme. L\u00e0 aussi peine perdue !!. \u00ab Je \nme suis rendu compte que trop nombreuses sont celles-ci qui ont, \nmalheureusement, il faut le reconna\u00eetre, une vision unilat\u00e9rale des \nDroits de Homme \u00bb, regrette-t-il.<\/p>\n\n\n\n<p>D\u00e9termin\u00e9, l\u2019avocat fran\u00e7ais d\u00e9cide de poursuivre sa qu\u00eate de la \nv\u00e9rit\u00e9. Il d\u00e9cide alors de porter le sujet dans le cadre de la 4\u00e8me \ncommission, devant laquelle il a fait une plaidoirie pour Ahmed El \nKhalil, avec \u00e0 ses c\u00f4t\u00e9s, le fr\u00e8re du disparu venu de Smara et trois de \nses cousins.<\/p>\n\n\n\n<p>Dans sa plaidoirie Me Hubert Seillan affirme que son devoir d\u2019avocat,\n profond\u00e9ment attach\u00e9 au respect et \u00e0 la d\u00e9fense des Droits Humains, le \npousse \u00e0 lancer \u00ab un appel urgent, imm\u00e9diat et solennel \u00bb \u00e0 la \nCommission de l\u2019Assembl\u00e9e G\u00e9n\u00e9rale, pour \u00ab prendre acte de ces exactions\n et pour que justice soit faite au nom d\u2019Ahmed El Khalil et des autres \npersonnes soumises \u00e0 ces violations \u00bb.<\/p>\n\n\n\n<p>\u00ab Le \u00ab polisario \u00bb prouve, par ses actions, son profond d\u00e9ni des \nDroits de l\u2019Homme. Nous devons collectivement condamner cette \ndisparition et de telles pratiques. Il en va de notre cr\u00e9dibilit\u00e9 et des\n valeurs universelles que nous d\u00e9fendons ensemble dans cette enceinte \ndes Nations Unies \u00bb, a plaid\u00e9 l\u2019avocat fran\u00e7ais pour qui \u00ab le silence \nface \u00e0 cette trag\u00e9die humaine est contraire aux responsabilit\u00e9s et aux \nengagements que nous portons collectivement \u00bb.<\/p>\n\n\n\n<p>Mais conscient que l\u2019ONU n\u2019a pas de pouvoir de coercition, ni un \npouvoir de contrainte dans ce genre d\u2019affaires, Me Hubert Seillan d\u00e9cide\n de ne pas en rester l\u00e0 et de frapper \u00e0 d\u2019autres portes.<\/p>\n\n\n\n<p>\u00ab J\u2019en suis actuellement \u00e0 envisager de d\u00e9poser plainte \u00e0 la Cour \np\u00e9nale internationale et \u00e0 Gen\u00e8ve au comit\u00e9 des DH de l\u2019ONU \u00bb, \naffirme-t-il, exprimant sa \u00ab profonde d\u00e9termination \u00bb \u00e0 apporter \u00e0 ce \ndossier toute l\u2019attention n\u00e9cessaire \u00ab tant que j\u2019aurais de la force \u00bb. \u00ab\n Je sais que ce sera difficile car il y a c\u00f4t\u00e9 alg\u00e9rien une affaire \nquasiment d\u2019Etat mais je dis tr\u00e8s fermement \u00e0 ce pays qu\u2019il faut \u00eatre \ncapable d\u2019analyser la r\u00e9alit\u00e9 des faits \u00bb.<\/p>\n\n\n\n<p>\u00abJ\u2019invoque donc aupr\u00e8s de l\u2019Alg\u00e9rie, le Droit d\u2019inventaire. Je lui \ndemande de r\u00e9fl\u00e9chir en termes d\u2019inventaire et de comprendre ce qu\u2019est \naujourd\u2019hui la r\u00e9alit\u00e9 du Sahara. Une r\u00e9alit\u00e9 admise par la plupart des \npays du monde puisque les Etats qui ont apport\u00e9 leur caution au \nPolisario il y a plus de 40 ans sont aujourd\u2019hui bien peu nombreux. Ils \nont r\u00e9tr\u00e9ci comme peau de chagrin \u00bb.<\/p>\n","protected":false},"excerpt":{"rendered":"<p>Paris, le 4 novembre 2019 (MAP). Apr\u00e8s avoir port\u00e9 devant la quatri\u00e8me commission de l\u2019Assembl\u00e9e g\u00e9n\u00e9rale de l\u2019ONU, l\u2019affaire Ahmed<\/p>\n","protected":false},"author":2,"featured_media":3945,"comment_status":"closed","ping_status":"closed","sticky":false,"template":"","format":"standard","meta":{"footnotes":""},"categories":[3,62,5,7,8],"tags":[],"class_list":["post-3944","post","type-post","status-publish","format-standard","has-post-thumbnail","hentry","category-accueil","category-afrique","category-maghreb-news","category-presse-marocaine","category-provinces-du-sud"],"_links":{"self":[{"href":"http:\/\/anatem.info\/index.php?rest_route=\/wp\/v2\/posts\/3944","targetHints":{"allow":["GET"]}}],"collection":[{"href":"http:\/\/anatem.info\/index.php?rest_route=\/wp\/v2\/posts"}],"about":[{"href":"http:\/\/anatem.info\/index.php?rest_route=\/wp\/v2\/types\/post"}],"author":[{"embeddable":true,"href":"http:\/\/anatem.info\/index.php?rest_route=\/wp\/v2\/users\/2"}],"replies":[{"embeddable":true,"href":"http:\/\/anatem.info\/index.php?rest_route=%2Fwp%2Fv2%2Fcomments&post=3944"}],"version-history":[{"count":1,"href":"http:\/\/anatem.info\/index.php?rest_route=\/wp\/v2\/posts\/3944\/revisions"}],"predecessor-version":[{"id":3946,"href":"http:\/\/anatem.info\/index.php?rest_route=\/wp\/v2\/posts\/3944\/revisions\/3946"}],"wp:featuredmedia":[{"embeddable":true,"href":"http:\/\/anatem.info\/index.php?rest_route=\/wp\/v2\/media\/3945"}],"wp:attachment":[{"href":"http:\/\/anatem.info\/index.php?rest_route=%2Fwp%2Fv2%2Fmedia&parent=3944"}],"wp:term":[{"taxonomy":"category","embeddable":true,"href":"http:\/\/anatem.info\/index.php?rest_route=%2Fwp%2Fv2%2Fcategories&post=3944"},{"taxonomy":"post_tag","embeddable":true,"href":"http:\/\/anatem.info\/index.php?rest_route=%2Fwp%2Fv2%2Ftags&post=3944"}],"curies":[{"name":"wp","href":"https:\/\/api.w.org\/{rel}","templated":true}]}}