{"id":3947,"date":"2019-11-07T14:44:53","date_gmt":"2019-11-07T14:44:53","guid":{"rendered":"http:\/\/anatem.info\/?p=3947"},"modified":"2019-11-07T14:44:53","modified_gmt":"2019-11-07T14:44:53","slug":"maroc-44eme-anniversaire-de-la-marche-verte-discours-royal-nouvelle-dynamique-au-developpement-des-provinces-du-sud","status":"publish","type":"post","link":"http:\/\/anatem.info\/?p=3947","title":{"rendered":"Maroc \/ 44\u00e8me anniversaire de la Marche Verte &#8211; Discours Royal : Nouvelle dynamique au d\u00e9veloppement des provinces du Sud"},"content":{"rendered":"\n<p>\n44\n ans apr\u00e8s sa r\u00e9cup\u00e9ration l\u00e9gitime par le Maroc, le Sahara b\u00e9n\u00e9ficie \ntoujours des bienfaits de la\n r\u00e9unification, et le peuple marocain reste arm\u00e9 du m\u00eame patriotisme et \ndu m\u00eame engagement pour stopper net les man\u0153uvres des d\u00e9tracteurs de son\n unit\u00e9 et de son int\u00e9grit\u00e9 territoriale.<\/p>\n\n\n\n<p>\nAussi, fid\u00e8le \u00e0 cette date Anniversaire, le Roi Mohammed\n VI a adress\u00e9 aux Marocains un discours&nbsp;porteur de\n messages forts qui s\u2019appuie sur des fondamentaux et des principes clairs qui se d\u00e9clinent comme suit&nbsp;:<\/p>\n\n\n\n<p>\n1\/ d\u2019entr\u00e9e le Roi Mohammed VI a soulign\u00e9 que&nbsp;la\n Marche Verte a \u00e9t\u00e9 et restera le symbole absolu de la symbiose qui unit\n le Tr\u00f4ne et le peuple et que les Provinces du Sud constituent un \nv\u00e9ritable trait d&rsquo;union entre le Maroc et le reste de l&rsquo;Afrique sur les \nplans g\u00e9ographique, humain et \u00e9conomique,<\/p>\n\n\n\n<p>\n2\/\n s\u2019agissant de la Marocanit\u00e9 du Sahara, le Maroc a toujours affich\u00e9 une \nposition\n claire, inspir\u00e9e par une foi in\u00e9branlable dans la justesse de sa Cause \net la l\u00e9gitimit\u00e9 de ses droits, et ce, conform\u00e9ment au processus \npolitique exclusivement onusien et aux r\u00e9solutions du Conseil de \nS\u00e9curit\u00e9 pour parvenir \u00e0 une solution politique, r\u00e9aliste,\n pragmatique et consensuelle.<\/p>\n\n\n\n<p>\nQuant\n \u00e0 l\u2019initiative d\u2019autonomie, celle-ci constitue, a affirm\u00e9 le Souverain \nmarocain, la traduction\n concr\u00e8te de la solution recherch\u00e9e et est la seule voie possible pour \nparvenir \u00e0 un r\u00e8glement du conflit, dans le respect total de l\u2019unit\u00e9 \nnationale et de l\u2019int\u00e9grit\u00e9 territoriale du Royaume du Maroc.<\/p>\n\n\n\n<p>\nDans ce sens, le Roi du Maroc a relev\u00e9&nbsp;que\n cette perspective s&rsquo;est renforc\u00e9e du fait qu&rsquo;un nombre sans cesse \ncroissant de pays ne reconnaissent pas l\u2019entit\u00e9 fictive de la RASD, \nnotant que l\u2019Initiative d\u2019autonomie est \u00e9galement confort\u00e9e par les \npartenariats et les accords qui lient les grandes puissances\n ainsi qu\u2019un certain nombre de pays au Maroc et qui couvrent toutes ses \nr\u00e9gions, y compris les Provinces du Sud,<\/p>\n\n\n\n<p>\n3\/\n dans son adresse \u00e0 la Nation, le Souverain marocain a appel\u00e9&nbsp;\u00e0 une \nr\u00e9flexion\n s\u00e9rieuse sur l&rsquo;\u00e9tablissement d&rsquo;une liaison ferroviaire entre Marrakech \net Agadir, en envisageant la perspective d&rsquo;une extension ult\u00e9rieure au \nreste des Provinces du Sud.&nbsp;Cette ligne ferroviaire contribuera non \nseulement au d\u00e9senclavement de l&rsquo;ensemble de la\n r\u00e9gion, mais surtout \u00e0 son d\u00e9veloppement et \u00e0 son essor \u00e9conomique et \nconstituera un levier essentiel pour la cr\u00e9ation de nombreux emplois, \nnon seulement dans la R\u00e9gion du Sousse (Agadir), mais aussi dans toutes \nles zones avoisinantes, a indiqu\u00e9 le Roi Mohammed\n VI,<\/p>\n\n\n\n<p>\n4\/\n \u00e9voquant la situation actuelle au Maghreb et dans l&rsquo;espace \nm\u00e9diterran\u00e9en,\n le Roi du Maroc a indiqu\u00e9 que celle-ci m\u00e9rite toute l&rsquo;attention au \nregard des enjeux et des opportunit\u00e9s que ces r\u00e9gions rec\u00e8lent. Le \nSouverain marocain a expliqu\u00e9 que la jeunesse maghr\u00e9bine attend des \ndirigeants dans cette zone g\u00e9ographique un espace ouvert\n et propice \u00e0 l&rsquo;interaction et \u00e0 l&rsquo;\u00e9change, ajoutant que l&rsquo;ennemi commun\n pour les pays du Maghreb \u00e9taient l&rsquo;immobilisme et le faible niveau de \nd\u00e9veloppement,&nbsp; &nbsp;<\/p>\n\n\n\n<p>\n5\/\n enfin, le Roi Mohammed VI a fermement soulign\u00e9 que le Sahara&nbsp;marocain \nconstitue\n le portail du Maroc vers l&rsquo;Afrique subsaharienne et que l\u2019ennemi commun\n r\u00e9sidait dans l&rsquo;immobilisme et le faible niveau de d\u00e9veloppement que \nconnaissent encore les cinq peuples du Maghreb.<\/p>\n\n\n\n<p>\nLe\n Roi du Maroc a exprim\u00e9 sa d\u00e9termination \u00e0 \u00e9riger le Maroc en acteur-cl\u00e9\n de la construction de l\u2019Afrique de demain, relevant que le pays occupe \nd\u00e9sormais une place de choix dans ce continent, dans les domaines \n\u00e9conomique, politique, culturel et religieux.<\/p>\n\n\n\n<p>\nApr\u00e8s\n avoir soulign\u00e9 que le Sahara marocain constitue le portail du Maroc \nvers\n l\u2019Afrique subsaharienne, le Roi Mohammed VI a r\u00e9affirm\u00e9 l\u2019ambition du \nMaroc d\u2019accro\u00eetre le niveau des \u00e9changes commerciaux, ainsi que le \nvolume des investissements marocains \u00e0 l\u2019\u00e9chelle du continent africain, \ntout en d\u00e9clarant qu\u2019il lui appartenait de raffermir\n sans cesse les relations humaines, \u00e9conomiques et politiques qui lient \nle Maroc aux pays africains.<\/p>\n\n\n\n<p>\nTelles sont les grandes lignes du Discours prononc\u00e9 par le Roi Mohammed VI\n \u00e0 l\u2019occasion de la comm\u00e9moration du 44\u00e8me Anniversaire de la Marche Verte.<\/p>\n\n\n\n<p>\nQuant\n \u00e0 l\u2019Histoire r\u00e9elle du conflit artificiel cr\u00e9\u00e9 autour de l\u2019int\u00e9grit\u00e9\n territoriale du Maroc, les faits historiques retracent les efforts \nd\u00e9ploy\u00e9s par le Royaume du Maroc depuis son ind\u00e9pendance pour parachever\n son int\u00e9grit\u00e9 territoriale. Il suffit tout simplement de s\u2019y r\u00e9f\u00e9rer en\n se rendant dans les biblioth\u00e8ques et archives\n nationales des pays qui ont instaur\u00e9 un protectorat et non une \ncolonisation au Maroc, \u00e0 savoir l\u2019Espagne et la France. Elles sont tr\u00e8s \nparlantes.<\/p>\n\n\n\n<p>\nDe\n plus, le mod\u00e8le de d\u00e9veloppement \u00e9conomique de ces provinces \nsahariennes\n mobilise des investissements colossaux de plus de 7,7 milliards d\u2019Euros\n sur la p\u00e9riode 2015-2021 et s&rsquo;appuie sur un portefeuille de plus de 650\n projets, ce qui permet au Maroc de jeter les jalons d\u2019une politique \nint\u00e9gr\u00e9e ax\u00e9e sur le renforcement du rayonnement\n de son Sahara comme centre \u00e9conomique et de renforcer sa position en \ntant que trait d\u2019union entre le Royaume du Maroc et sa profondeur \nstrat\u00e9gique et g\u00e9ographique africaine.<\/p>\n\n\n\n<p>\nLes\n nombreux chantiers et projets mis en \u0153uvre dans ce cadre laissent \npr\u00e9sager\n un avenir prometteur pour la r\u00e9gion saharienne, r\u00e9gion vou\u00e9e \u00e0 devenir \nun p\u00f4le logistique incontournable et un v\u00e9ritable hub r\u00e9gional et \ninternational.<\/p>\n\n\n\n<p>\nEn\n conclusion, sous la conduite du Roi Mohammed VI, les Provinces \nsahariennes\n ont franchi une nouvelle \u00e8re \u00e0 la faveur du nouveau mod\u00e8le de \nd\u00e9veloppement global initi\u00e9 par le Souverain marocain. Dans la m\u00eame \noptique, il convient de mentionner l\u2019ambitieux projet de la \nr\u00e9gionalisation avanc\u00e9e fond\u00e9e sur une implication directe des citoyens\n dans les prises de d\u00e9cision et dans la conduite des actions visant son \npropre \u00e9panouissement sociopolitique, culturel et \u00e9conomique.<\/p>\n\n\n\n<p>\nFarid Mnebhi.<\/p>\n","protected":false},"excerpt":{"rendered":"<p>44 ans apr\u00e8s sa r\u00e9cup\u00e9ration l\u00e9gitime par le Maroc, le Sahara b\u00e9n\u00e9ficie toujours des bienfaits de la r\u00e9unification, et le<\/p>\n","protected":false},"author":2,"featured_media":603,"comment_status":"closed","ping_status":"closed","sticky":false,"template":"","format":"standard","meta":{"footnotes":""},"categories":[3,62,8],"tags":[],"class_list":["post-3947","post","type-post","status-publish","format-standard","has-post-thumbnail","hentry","category-accueil","category-afrique","category-provinces-du-sud"],"_links":{"self":[{"href":"http:\/\/anatem.info\/index.php?rest_route=\/wp\/v2\/posts\/3947","targetHints":{"allow":["GET"]}}],"collection":[{"href":"http:\/\/anatem.info\/index.php?rest_route=\/wp\/v2\/posts"}],"about":[{"href":"http:\/\/anatem.info\/index.php?rest_route=\/wp\/v2\/types\/post"}],"author":[{"embeddable":true,"href":"http:\/\/anatem.info\/index.php?rest_route=\/wp\/v2\/users\/2"}],"replies":[{"embeddable":true,"href":"http:\/\/anatem.info\/index.php?rest_route=%2Fwp%2Fv2%2Fcomments&post=3947"}],"version-history":[{"count":1,"href":"http:\/\/anatem.info\/index.php?rest_route=\/wp\/v2\/posts\/3947\/revisions"}],"predecessor-version":[{"id":3948,"href":"http:\/\/anatem.info\/index.php?rest_route=\/wp\/v2\/posts\/3947\/revisions\/3948"}],"wp:featuredmedia":[{"embeddable":true,"href":"http:\/\/anatem.info\/index.php?rest_route=\/wp\/v2\/media\/603"}],"wp:attachment":[{"href":"http:\/\/anatem.info\/index.php?rest_route=%2Fwp%2Fv2%2Fmedia&parent=3947"}],"wp:term":[{"taxonomy":"category","embeddable":true,"href":"http:\/\/anatem.info\/index.php?rest_route=%2Fwp%2Fv2%2Fcategories&post=3947"},{"taxonomy":"post_tag","embeddable":true,"href":"http:\/\/anatem.info\/index.php?rest_route=%2Fwp%2Fv2%2Ftags&post=3947"}],"curies":[{"name":"wp","href":"https:\/\/api.w.org\/{rel}","templated":true}]}}