{"id":3949,"date":"2019-11-07T14:51:05","date_gmt":"2019-11-07T14:51:05","guid":{"rendered":"http:\/\/anatem.info\/?p=3949"},"modified":"2019-11-07T14:51:05","modified_gmt":"2019-11-07T14:51:05","slug":"sm-le-roi-a-mis-laccent-sur-la-pertinence-politique-et-diplomatique-de-loffre-marocaine-dautonomie","status":"publish","type":"post","link":"http:\/\/anatem.info\/?p=3949","title":{"rendered":"SM le Roi a mis l\u2019accent sur la pertinence politique et diplomatique de l\u2019offre marocaine d\u2019autonomie"},"content":{"rendered":"\n<p>Paris, le 7 novembre 2019 (MAP) . SM le Roi Mohammed VI a mis l\u2019accent, dans Son discours \u00e0  l\u2019occasion de l\u2019anniversaire de la Marche Verte, sur la pertinence  politique et diplomatique de l\u2019offre d\u2019autonomie pour le r\u00e8glement de la  question du Sahara marocain, a soulign\u00e9 le politologue Mustapha Tossa.<\/p>\n\n\n\n<p>\u00abCette solution est l\u2019unique voie discut\u00e9e actuellement dans les \nforums des Nations unies pour clore un conflit artificiellement \nentretenu\u00bb, a affirm\u00e9 le politologue marocain install\u00e9 en France dans \nune d\u00e9claration \u00e0 la MAP.<\/p>\n\n\n\n<p>Le Souverain a affirm\u00e9 que l\u2019Initiative d\u2019autonomie constitue la \ntraduction concr\u00e8te de la solution recherch\u00e9e et \u201cla seule voie possible\n pour parvenir \u00e0 un r\u00e8glement du conflit\u201d autour du Sahara marocain dans\n le respect total de l\u2019unit\u00e9 nationale et de l\u2019int\u00e9grit\u00e9 territoriale du\n Royaume.<\/p>\n\n\n\n<p>\u201cS\u00e9rieuse, cr\u00e9dible, judicieuse dans ses orientations, l\u2019Initiative \nd\u2019autonomie constitue la traduction concr\u00e8te de la solution recherch\u00e9e. \nEn effet, elle est la seule voie possible pour parvenir \u00e0 un r\u00e8glement \ndu conflit, dans le respect total de l\u2019unit\u00e9 nationale et de l\u2019int\u00e9grit\u00e9\n territoriale du Royaume\u201d, a affirm\u00e9 SM le Roi dans Son discours \nadress\u00e9, mercredi soir \u00e0 la Nation, \u00e0 l\u2019occasion du 44\u00e8 anniversaire de \nla Marche verte.<\/p>\n\n\n\n<p>M. Tossa, qui souligne \u00ab les succ\u00e8s et les performances de la \ndiplomatie marocaine \u00bb dans ce dossier, rel\u00e8ve que \u00ab le Maroc, fort de \nson droit et de sa l\u00e9gitimit\u00e9, renforc\u00e9 par l\u2019esprit de l\u2019union sacr\u00e9e \ninsuffl\u00e9e par la Marche Verte, a fini par convaincre les plus r\u00e9ticents \net s\u00e9duire les plus r\u00e9calcitrants\u00bb.<\/p>\n\n\n\n<p>Le politologue marocain a d\u2019autre part indiqu\u00e9 que le Souverain \nambitionne de faire des gigantesques investissements dans le Sahara \nmarocain \u00abune plateforme pour dynamiser l\u2019espace africain dont Il est \ndevenu un acteur majeur et l\u2019espace maghr\u00e9bin dont il regrette le manque\n de coh\u00e9sion et d\u2019ambitions communes malgr\u00e9 le destin g\u00e9ographie et \nhistorique partag\u00e9\u00bb.<\/p>\n\n\n\n<p>M. Tossa a rappel\u00e9 dans ce contexte que SM le Roi \u00aba profit\u00e9 de ce \ndiscours pour relancer Son offre de travail en commun afin de donner \u00e0 \nl\u2019espace maghr\u00e9bin le r\u00f4le central r\u00e9novant de tout l\u2019espace arabe\u00bb.<\/p>\n\n\n\n<p>?voquant le volet de d\u00e9veloppement du Royaume, M. Tossa a indiqu\u00e9 que\n \u00able Souverain a pris Ses accents de grand b\u00e2tisseur, soucieux de lancer\n des projets structurants \u00bb, rappelant que SM le Roi a \u00abd\u00e9roul\u00e9 un \nargumentaire \u00e9conomique et une politique de d\u00e9veloppement qui visent \u00e0 \nd\u00e9senclaver certaines r\u00e9gions du Royaume pour leur permettre de d\u00e9voiler\n l\u2019ensemble de leurs potentialit\u00e9s au profit des Marocains \u00bb.<\/p>\n\n\n\n<p>\u201cLes projets ambitieux de lancer un r\u00e9seau ferr\u00e9 et des routes, qui \ndynamisent l\u2019activit\u00e9 \u00e9conomique, illustrent sur le terrain des \nambitions \u00e9conomiques et l\u2019esprit de cette r\u00e9gionalisation avanc\u00e9e \nvoulue par le Maroc et qui aspire \u00e0 donner \u00e0 chaque r\u00e9gion la \npossibilit\u00e9 d\u2019exploiter ces ressources et ses chances de d\u00e9veloppement\u201d,\n a conclut le politologue marocain.<\/p>\n","protected":false},"excerpt":{"rendered":"<p>Paris, le 7 novembre 2019 (MAP) . SM le Roi Mohammed VI a mis l\u2019accent, dans Son discours \u00e0 l\u2019occasion<\/p>\n","protected":false},"author":2,"featured_media":3950,"comment_status":"closed","ping_status":"closed","sticky":false,"template":"","format":"standard","meta":{"footnotes":""},"categories":[3,8],"tags":[],"class_list":["post-3949","post","type-post","status-publish","format-standard","has-post-thumbnail","hentry","category-accueil","category-provinces-du-sud"],"_links":{"self":[{"href":"http:\/\/anatem.info\/index.php?rest_route=\/wp\/v2\/posts\/3949","targetHints":{"allow":["GET"]}}],"collection":[{"href":"http:\/\/anatem.info\/index.php?rest_route=\/wp\/v2\/posts"}],"about":[{"href":"http:\/\/anatem.info\/index.php?rest_route=\/wp\/v2\/types\/post"}],"author":[{"embeddable":true,"href":"http:\/\/anatem.info\/index.php?rest_route=\/wp\/v2\/users\/2"}],"replies":[{"embeddable":true,"href":"http:\/\/anatem.info\/index.php?rest_route=%2Fwp%2Fv2%2Fcomments&post=3949"}],"version-history":[{"count":1,"href":"http:\/\/anatem.info\/index.php?rest_route=\/wp\/v2\/posts\/3949\/revisions"}],"predecessor-version":[{"id":3951,"href":"http:\/\/anatem.info\/index.php?rest_route=\/wp\/v2\/posts\/3949\/revisions\/3951"}],"wp:featuredmedia":[{"embeddable":true,"href":"http:\/\/anatem.info\/index.php?rest_route=\/wp\/v2\/media\/3950"}],"wp:attachment":[{"href":"http:\/\/anatem.info\/index.php?rest_route=%2Fwp%2Fv2%2Fmedia&parent=3949"}],"wp:term":[{"taxonomy":"category","embeddable":true,"href":"http:\/\/anatem.info\/index.php?rest_route=%2Fwp%2Fv2%2Fcategories&post=3949"},{"taxonomy":"post_tag","embeddable":true,"href":"http:\/\/anatem.info\/index.php?rest_route=%2Fwp%2Fv2%2Ftags&post=3949"}],"curies":[{"name":"wp","href":"https:\/\/api.w.org\/{rel}","templated":true}]}}