{"id":3953,"date":"2019-11-11T17:42:25","date_gmt":"2019-11-11T17:42:25","guid":{"rendered":"http:\/\/anatem.info\/?p=3953"},"modified":"2019-11-11T17:42:25","modified_gmt":"2019-11-11T17:42:25","slug":"temoignage-paris-commemoration-grandiose-du-44eme-anniversaire-de-la-marche-verte-par-les-mre-de-france-au-trocadero","status":"publish","type":"post","link":"http:\/\/anatem.info\/?p=3953","title":{"rendered":"T\u00e9moignage \/ Paris : Comm\u00e9moration  grandiose du 44\u00e8me anniversaire de la marche verte par les MRE de France  au Trocad\u00e9ro"},"content":{"rendered":"\n<h1 class=\"wp-block-heading\">   <\/h1>\n\n\n\n<p>Sur la colline de Chaillot et sa \nprestigieuse esplanade du Trocad\u00e9ro, d\u00e9di\u00e9e aux droits de l\u2019homme, des \ndrapeaux marocains et des portraits du Souverain ch\u00e9rifien se sont \nd\u00e9ploy\u00e9s ce dimanche 10 novembre pacifiquement mais fi\u00e8rement. Le tout \nagr\u00e9ment\u00e9 de l\u2019hymne national, de cris de joie, de slogans et de \nbanderoles \u00e0 la gloire de la Marche Verte et de la banni\u00e8re nationale.<\/p>\n\n\n\n<p>Les marocains sont venus ce 10 novembre \nen masse des r\u00e9gions fran\u00e7aises, de Belgique et des Pays-Bas, pour dire \ncombien ils sont fiers de leur marocanit\u00e9 et de leur appartenance \u00e0 ce \npays de lumi\u00e8res et de couleurs d\u00e9positaire d\u2019une histoire mill\u00e9naire. \nIls sont venus pour signifier et renouveler leur ind\u00e9fectible \nattachement aux fondements de la Nation marocaine, \u00e0 sa terre, \u00e0 sa \nculture et \u00e0 sa devise sacr\u00e9e.<\/p>\n\n\n\n<p>Ils sont venus pour dire, aux ennemis \ncomme aux amis du Maroc, que les fondements de la Nation marocaine et \nson int\u00e9grit\u00e9 territoriale sont un bien commun cher au c\u0153ur de tous les \nmarocains o\u00f9 qu\u2019ils se trouvent et quelle que soit leur ob\u00e9dience \npolitique, leur r\u00e9gion ou leur langue et culture. Une culture <em>\u00ab&nbsp;arabo-islamique,\n amazighe et saharo-hassanie&nbsp;\u00bb qui \u00ab&nbsp;s\u2019est nourrie et enrichie de ses \naffluents africain, andalou, h\u00e9bra\u00efque et m\u00e9diterran\u00e9en&nbsp;\u00bb (Pr\u00e9ambule de \nla Constitution de 2011).<\/em><\/p>\n\n\n\n<p>Ils sont venus \u00e0 Paris en grand nombre \npour affirmer avec force que tout outrage port\u00e9 \u00e0 l\u2019un des fondements et\n symboles nationaux serait une atteinte caract\u00e9ris\u00e9e et inacceptable \u00e0 \ntous les marocains du Nord et de l\u2019Oriental, du Rif et de l\u2019Atlas, du \nCentre et du Sud, des Grottes d\u2019Hercule de Tanger \u00e0 la belle Lagune de \nDakhla.<\/p>\n\n\n\n<p>Ils sont venus pour renouveler avec \nforce, et pour la 44\u00e8me fois, le serment de la \u2018\u2019Marche Verte\u2019\u2019 lanc\u00e9e \npar feu Sa Majest\u00e9 Hassan II le 6 novembre 1975 et dire que le \ns\u00e9paratisme, quelle que soit sa forme, sa zone g\u00e9ographique ou son \nmotif, est synonyme de dislocation du pacte national et facteur de \nd\u00e9sordre.<\/p>\n\n\n\n<p>Ils sont venus \u00e0 Paris, jeunes et moins jeunes, homme et femme, pour rappeler que la devise <em>\u2018\u2019R\u00e9volution du Roi et du peuple\u2019\u2019 <\/em>n\u2019est\n pas un vain slogan ou un mot anodin, mais bien un pacte \u00e9thique, moral \net social qui s\u2019est inscrit dans l\u2019histoire nationale. Il est une force \nqui a permis de vaincre l\u2019occupant (1912-1956), de conduire le Maroc \nvers l\u2019ind\u00e9pendance (1956) et vers le parach\u00e8vement de son int\u00e9grit\u00e9 \nterritoriale (1975). C\u2019est une <em>Bay\u2019a <\/em>(all\u00e9geance) librement \nconsentie et irr\u00e9vocable qui lie le peuple marocain, dans sa grande \ndiversit\u00e9, \u00e0 la famille royale ch\u00e9rifienne.<\/p>\n\n\n\n<p>Cette mobilisation pacifique, massive et\n r\u00e9ussie, c\u2019est aussi la preuve que le Maroc peut compter sur ses \nenfants install\u00e9s \u00e0 l\u2019\u00e9tranger. Il peut \u00eatre fier de ces hommes et \nfemmes d\u00e9vou\u00e9s qui n\u2019ont jamais failli \u00e0 leur devoir de solidarit\u00e9 ni se\n sont d\u00e9rob\u00e9s lorsque les int\u00e9r\u00eats et les causes de leur pays \u00e9taient en\n jeu.<\/p>\n\n\n\n<p>&nbsp;&nbsp; &nbsp;La manifestation du 10 novembre \n2019, c\u2019est la preuve que la traduction dans les faits des droits \nciviques que la Constitution de 2011 a accord\u00e9s (Articles 16-17-18-163 \net ceux li\u00e9s aux instances de bonne gouvernance et de r\u00e9gulation) aux \nMarocains du Monde ne peut \u00eatre qu\u2019un atout pour le renforcement de leur\n capacit\u00e9 d\u2019agir comme force d\u2019action et de proposition et comme acteur \nclef de du mod\u00e8le d\u00e9veloppement \u00e9conomique voulu par le Souverain \nmarocain.<\/p>\n\n\n\n<p>&nbsp;&nbsp; La r\u00e9ussite de cette manifestation de\n Trocad\u00e9ro du 10 novembre, c\u2019est aussi la parfaite illustration sur le \nterrain de l\u2019action et de l\u2019initiative associatives, du discours royal \ndu 30 Juillet 2015, dans lequel le Souverain affirme, quant au r\u00f4le des \nmissions consulaires marocaines \u00e0 l\u2019\u00e9tranger, qu\u2019\u00ab&nbsp;Il&nbsp;faudrait, de \nmani\u00e8re g\u00e9n\u00e9rale, am\u00e9liorer le contact et la communication&nbsp;\u00bb de ces \nmissions \u00ab&nbsp;avec les membres de la communaut\u00e9 \u00e0 l\u2019\u00e9tranger&nbsp;\u00bb. &nbsp;Il est \nheureux de constater que cette volont\u00e9 royale est aujourd\u2019hui en \u0153uvre, \nobserv\u00e9e par ces autorit\u00e9s de proximit\u00e9 dans un esprit de \nresponsabilit\u00e9, d\u2019efficacit\u00e9 et d\u2019\u00e9coute.<\/p>\n\n\n\n<p>C\u2019est la rencontre de ces volont\u00e9s \nsinc\u00e8res et conscientes de leur devoir et de leur responsabilit\u00e9 qui est\n \u00e0 m\u00eame de favoriser l\u2019union dans l\u2019action et de contribuer \u00e0 la \nconsolidation de cet attachement irr\u00e9vocable et renouvel\u00e9 des Marocains \ndu monde \u00e0 leur Souverain, \u00e0 la terre de leurs anc\u00eatres et \u00e0 leur \nm\u00e8re-patrie&nbsp;: le Maroc.<\/p>\n\n\n\n<p>Source : Maghreb Canada Express (Dr M. Mraizika)<\/p>\n\n\n\n<p>Consultant en Ing\u00e9nierie culturelle<\/p>\n\n\n\n<p>Pr\u00e9sident d\u2019ALMOHAGIR<\/p>\n\n\n\n<p> <\/p>\n","protected":false},"excerpt":{"rendered":"<p>Sur la colline de Chaillot et sa prestigieuse esplanade du Trocad\u00e9ro, d\u00e9di\u00e9e aux droits de l\u2019homme, des drapeaux marocains et<\/p>\n","protected":false},"author":2,"featured_media":3954,"comment_status":"closed","ping_status":"closed","sticky":false,"template":"","format":"standard","meta":{"footnotes":""},"categories":[3,7,8],"tags":[],"class_list":["post-3953","post","type-post","status-publish","format-standard","has-post-thumbnail","hentry","category-accueil","category-presse-marocaine","category-provinces-du-sud"],"_links":{"self":[{"href":"http:\/\/anatem.info\/index.php?rest_route=\/wp\/v2\/posts\/3953","targetHints":{"allow":["GET"]}}],"collection":[{"href":"http:\/\/anatem.info\/index.php?rest_route=\/wp\/v2\/posts"}],"about":[{"href":"http:\/\/anatem.info\/index.php?rest_route=\/wp\/v2\/types\/post"}],"author":[{"embeddable":true,"href":"http:\/\/anatem.info\/index.php?rest_route=\/wp\/v2\/users\/2"}],"replies":[{"embeddable":true,"href":"http:\/\/anatem.info\/index.php?rest_route=%2Fwp%2Fv2%2Fcomments&post=3953"}],"version-history":[{"count":1,"href":"http:\/\/anatem.info\/index.php?rest_route=\/wp\/v2\/posts\/3953\/revisions"}],"predecessor-version":[{"id":3955,"href":"http:\/\/anatem.info\/index.php?rest_route=\/wp\/v2\/posts\/3953\/revisions\/3955"}],"wp:featuredmedia":[{"embeddable":true,"href":"http:\/\/anatem.info\/index.php?rest_route=\/wp\/v2\/media\/3954"}],"wp:attachment":[{"href":"http:\/\/anatem.info\/index.php?rest_route=%2Fwp%2Fv2%2Fmedia&parent=3953"}],"wp:term":[{"taxonomy":"category","embeddable":true,"href":"http:\/\/anatem.info\/index.php?rest_route=%2Fwp%2Fv2%2Fcategories&post=3953"},{"taxonomy":"post_tag","embeddable":true,"href":"http:\/\/anatem.info\/index.php?rest_route=%2Fwp%2Fv2%2Ftags&post=3953"}],"curies":[{"name":"wp","href":"https:\/\/api.w.org\/{rel}","templated":true}]}}