{"id":4079,"date":"2020-02-07T14:10:29","date_gmt":"2020-02-07T14:10:29","guid":{"rendered":"http:\/\/anatem.info\/?p=4079"},"modified":"2020-02-07T14:10:29","modified_gmt":"2020-02-07T14:10:29","slug":"sm-le-roi-inaugure-la-cite-de-linnovation-souss-massa-une-concretisation-de-la-declinaison-regionale-du-plan-dacceleration-industrielle","status":"publish","type":"post","link":"http:\/\/anatem.info\/?p=4079","title":{"rendered":"SM le Roi inaugure la Cit\u00e9 de l\u2019Innovation Souss-Massa, une concr\u00e9tisation de la d\u00e9clinaison r\u00e9gionale du Plan d\u2019acc\u00e9l\u00e9ration industrielle"},"content":{"rendered":"\n<p>Agadir, le 6 f\u00e9vrier 2020 (MAP) \u2013 Sa Majest\u00e9 le Roi Mohammed VI, que Dieu L\u2019assiste, a  proc\u00e9d\u00e9, jeudi \u00e0 Agadir, \u00e0 l\u2019inauguration de la Cit\u00e9 de l\u2019Innovation  Souss-Massa, une concr\u00e9tisation de la d\u00e9clinaison r\u00e9gionale du Plan  d\u2019acc\u00e9l\u00e9ration industrielle, lanc\u00e9e par le Souverain le 28 janvier 2018.<\/p>\n\n\n\n<p>V\u00e9ritable levier de l\u2019\u00e9closion d\u2019un environnement de Recherche &amp; \nD\u00e9veloppement et de l\u2019innovation, cette nouvelle Cit\u00e9 t\u00e9moigne de la \nHaute Sollicitude Royale en faveur de la r\u00e9gion de Souss-Massa et de la \nvolont\u00e9 du Souverain d\u2019\u00e9riger la r\u00e9gion en p\u00f4le \u00e9conomique central du \nRoyaume, capable de cr\u00e9er de l\u2019emploi pour les jeunes et d\u2019assurer une \ncroissance inclusive au service du citoyen.<\/p>\n\n\n\n<p>Situ\u00e9e dans l\u2019enceinte de l\u2019Universit\u00e9 Ibn Zohr, la Cit\u00e9 de \nl\u2019Innovation Souss-Massa permet de doter la R\u00e9gion d\u2019une infrastructure \nd\u2019accueil technologique, favorisant l\u2019entrepreneuriat et la cr\u00e9ation de \nstartups innovantes \u00e0 travers le processus d\u2019incubation, la valorisation\n des r\u00e9sultats de la recherche scientifique au profit des secteurs \n\u00e9conomiques et des \u00e9cosyst\u00e8mes industriels de la R\u00e9gion et le transfert \ntechnologique et le rapprochement entre les entreprises et les \nstructures de R&amp;D.<\/p>\n\n\n\n<p>Ce projet pilote, dont la r\u00e9alisation a n\u00e9cessit\u00e9 une enveloppe \nbudg\u00e9taire de 42 millions de dirhams, dispose d\u2019un incubateur \nd\u2019entreprises et de startups innovantes, d\u2019un Centre de Recherche et de \nd\u00e9veloppement abritant des laboratoires d\u2019\u00abIdentification et analyse des\n entit\u00e9s naturelles\u00bb, \u00abBiotechnologie et sant\u00e9\u00bb, \u00abAnalyse des r\u00e9sidus\u00bb, \n\u00abChangement climatique et d\u00e9veloppement durable\u00bb, \u00abEaux, \u00e9nergie et \n\u00e9nergies renouvelables\u00bb et \u00abIndustrie LAB\u00bb.<\/p>\n\n\n\n<p>On y trouve \u00e9galement des salles de r\u00e9unions, de conf\u00e9rences, \nd\u2019informatique et de formation, un espace co-working, et un autre de \ndocumentation, ainsi que d\u2019un guichet unique facilitant les d\u00e9marches \nadministratives pour les entreprises.<\/p>\n\n\n\n<p>Dot\u00e9e d\u2019\u00e9quipements de nouvelle g\u00e9n\u00e9ration, cette Cit\u00e9 a enregistr\u00e9 \nl\u2019installation de vingt structures, dont 14 start-ups, trois clusters \n(Agadir Haliop\u00f4le, Agrotech, Logip\u00f4le) et trois structures \nd\u2019accompagnement (R\u00e9seau Entreprendre \u2013 Agadir, Associations initiatives\n Souss-Massa, X-HUB).<\/p>\n\n\n\n<p>Outre la Cit\u00e9 de l\u2019Innovation, la d\u00e9clinaison r\u00e9gionale du Plan \nd\u2019Acc\u00e9l\u00e9ration Industrielle pr\u00e9voit la r\u00e9alisation d\u2019un Technopark (55 \nmillions de dirhams) destin\u00e9 aux PME et aux Start-up du secteur des \ntechnologies de l\u2019information et de la communication et qui met \u00e0 leur \ndisposition des locaux pr\u00eats \u00e0 l\u2019emploi et un accompagnement adapt\u00e9. Les\n travaux de construction de ce Technopark sont en cours et les gros \n\u0153uvres ont \u00e9t\u00e9 r\u00e9alis\u00e9s \u00e0 95 pc.<\/p>\n\n\n\n<p>Toujours dans le cadre de la mise en \u0153uvre de la d\u00e9clinaison \nr\u00e9gionale du Plan d\u2019Acc\u00e9l\u00e9ration Industrielle, des infrastructures \nd\u2019accueil, adapt\u00e9es au service des investisseurs et de l\u2019entreprenariat,\n sont en cours de d\u00e9ploiement et repr\u00e9sentent une assiette fonci\u00e8re \nglobale d\u2019environ 380 ha, dont 305 ha pour la Zone d\u2019Acc\u00e9l\u00e9ration \nIndustrielle.<\/p>\n\n\n\n<p>La premi\u00e8re tranche de cette zone, d\u2019une superficie de 64 ha, est \nr\u00e9alis\u00e9e \u00e0 hauteur de 80% et sera mise en service en juillet 2020. Elle \noffrira aux investisseurs une infrastructure aux standards \ninternationaux et \u00e0 des prix comp\u00e9titifs. Des terrains sont d\u00e9j\u00e0 \naffect\u00e9s \u00e0 3 projets industriels totalisant 2.016 emplois directs \npr\u00e9visionnels et un investissement de 461 millions de dirhams.<\/p>\n\n\n\n<p>Cette Zone d\u2019Acc\u00e9l\u00e9ration Industrielle b\u00e9n\u00e9ficiera, par ailleurs, du \nprojet de la voie express de contournement Nord-Est, qui sera r\u00e9alis\u00e9e \ndans le cadre du programme de d\u00e9veloppement urbain de la ville d\u2019Agadir \n2020-2024, lanc\u00e9 par SM le Roi Mohammed VI, mardi dernier. Cette voie \npermettra de cr\u00e9er une liaison directe entre l\u2019a\u00e9roport Agadir-Al \nMassira, la zone d\u2019acc\u00e9l\u00e9ration industrielle et le port d\u2019Agadir, et \nfluidifier ainsi les flux de transport.<\/p>\n\n\n\n<p>L\u2019infrastructure industrielle sera notamment renforc\u00e9e par le \nd\u00e9veloppement d\u2019un Parc industriel int\u00e9gr\u00e9, dont les travaux \nd\u2019am\u00e9nagement de la 1\u00e8re tranche (35 ha) ont d\u00e9marr\u00e9 en novembre 2019, \net le futur lancement de la 4\u00e8me phase de l\u2019agropole Souss-Massa.<\/p>\n\n\n\n<p>L\u2019entr\u00e9e en service d\u2019une Cit\u00e9 de l\u2019Innovation viendra ainsi booster \ndavantage la bonne dynamique des entreprises du Grand Agadir et \nconforter l\u2019\u00e9lan de d\u00e9veloppement industriel engag\u00e9 dans la r\u00e9gion \u00e0 la \nfaveur de la d\u00e9clinaison r\u00e9gionale du Plan d\u2019Acc\u00e9l\u00e9ration Industrielle \nqui s\u2019inscrit, elle-m\u00eame, dans le cadre de la mise en \u0153uvre du processus\n de r\u00e9gionalisation avanc\u00e9e.<\/p>\n\n\n\n<p>Ainsi, \u00e0 ce jour, 211 projets industriels sont suivis totalisant un \ninvestissement pr\u00e9visionnel de 8,2 milliards de dirhams, avec \u00e0 la cl\u00e9 \nla cr\u00e9ation de 29.222 emplois directs. 187 projets sont soit \nop\u00e9rationnels, soit en cours de mise en \u0153uvre ou affect\u00e9s dans les \nnouvelles zones am\u00e9nag\u00e9es. Ils permettront de cr\u00e9er 19.346 emplois \ndirects, soit 81 pc de l\u2019objectif.<\/p>\n\n\n\n<p>A cette occasion, le ministre de l\u2019Industrie, du Commerce, et de \nl\u2019?conomie verte et num\u00e9rique a remis \u00e0 Sa Majest\u00e9 le Roi Mohammed VI, \nque Dieu L\u2019assiste, un coffret contenant un livre intitul\u00e9 \u00abLe Maroc \nIndustriel, une Vision Royale. 20 ans d\u2019acc\u00e9l\u00e9ration \u00bb.<\/p>\n","protected":false},"excerpt":{"rendered":"<p>Agadir, le 6 f\u00e9vrier 2020 (MAP) \u2013 Sa Majest\u00e9 le Roi Mohammed VI, que Dieu L\u2019assiste, a proc\u00e9d\u00e9, jeudi \u00e0<\/p>\n","protected":false},"author":2,"featured_media":4080,"comment_status":"closed","ping_status":"closed","sticky":false,"template":"","format":"standard","meta":{"footnotes":""},"categories":[3,62,5,7],"tags":[],"class_list":["post-4079","post","type-post","status-publish","format-standard","has-post-thumbnail","hentry","category-accueil","category-afrique","category-maghreb-news","category-presse-marocaine"],"_links":{"self":[{"href":"http:\/\/anatem.info\/index.php?rest_route=\/wp\/v2\/posts\/4079","targetHints":{"allow":["GET"]}}],"collection":[{"href":"http:\/\/anatem.info\/index.php?rest_route=\/wp\/v2\/posts"}],"about":[{"href":"http:\/\/anatem.info\/index.php?rest_route=\/wp\/v2\/types\/post"}],"author":[{"embeddable":true,"href":"http:\/\/anatem.info\/index.php?rest_route=\/wp\/v2\/users\/2"}],"replies":[{"embeddable":true,"href":"http:\/\/anatem.info\/index.php?rest_route=%2Fwp%2Fv2%2Fcomments&post=4079"}],"version-history":[{"count":1,"href":"http:\/\/anatem.info\/index.php?rest_route=\/wp\/v2\/posts\/4079\/revisions"}],"predecessor-version":[{"id":4081,"href":"http:\/\/anatem.info\/index.php?rest_route=\/wp\/v2\/posts\/4079\/revisions\/4081"}],"wp:featuredmedia":[{"embeddable":true,"href":"http:\/\/anatem.info\/index.php?rest_route=\/wp\/v2\/media\/4080"}],"wp:attachment":[{"href":"http:\/\/anatem.info\/index.php?rest_route=%2Fwp%2Fv2%2Fmedia&parent=4079"}],"wp:term":[{"taxonomy":"category","embeddable":true,"href":"http:\/\/anatem.info\/index.php?rest_route=%2Fwp%2Fv2%2Fcategories&post=4079"},{"taxonomy":"post_tag","embeddable":true,"href":"http:\/\/anatem.info\/index.php?rest_route=%2Fwp%2Fv2%2Ftags&post=4079"}],"curies":[{"name":"wp","href":"https:\/\/api.w.org\/{rel}","templated":true}]}}