{"id":4083,"date":"2020-02-07T14:13:57","date_gmt":"2020-02-07T14:13:57","guid":{"rendered":"http:\/\/anatem.info\/?p=4083"},"modified":"2020-02-07T14:13:57","modified_gmt":"2020-02-07T14:13:57","slug":"le-parlement-europeen-souligne-limportance-de-la-cooperation-avec-le-maroc-en-matiere-migratoire","status":"publish","type":"post","link":"http:\/\/anatem.info\/?p=4083","title":{"rendered":"Le Parlement europ\u00e9en souligne l\u2019importance de la coop\u00e9ration avec le Maroc en mati\u00e8re migratoire"},"content":{"rendered":"\n<p>Bruxelles, le 6 f\u00e9vrier 2020 (MAP) \u2013 Le Parlement europ\u00e9en a soulign\u00e9, ce 6 f\u00e9vrier 2020, l\u2019importance de  la coop\u00e9ration avec le Maroc en mati\u00e8re migratoire et la n\u00e9cessit\u00e9 de  soutenir les efforts du Royaume dans ce domaine.<\/p>\n\n\n\n<p>Lors d\u2019un d\u00e9bat au sein de la commission des Libert\u00e9s civiles, de la \nJustice et des Affaires int\u00e9rieures du Parlement europ\u00e9en, l\u2019accent a \n\u00e9t\u00e9 mis sur les efforts d\u00e9ploy\u00e9s par le Maroc pour juguler les flux \nmigratoires irr\u00e9guliers et sur la n\u00e9cessit\u00e9 pour l\u2019UE d\u2019apporter \ndavantage de soutien au Royaume dans le cadre de sa politique migratoire\n et d\u2019asile adopt\u00e9e depuis 2013.<\/p>\n\n\n\n<p>\u00ab Nous devons reconna\u00eetre les efforts majeurs consentis par le Maroc \nen mati\u00e8re de gestion des flux migratoires \u00bb, a soulign\u00e9 le \nvice-pr\u00e9sident de la commission parlementaire, Emil Radev qui pr\u00e9sidait \nla s\u00e9ance.<\/p>\n\n\n\n<p>Il a rappel\u00e9 qu\u2019en 2019, \u201cle Maroc a r\u00e9ussi \u00e0 emp\u00eacher 74.000 \ntravers\u00e9es ill\u00e9gales vers l\u2019Espagne, ce qui constitue une diminution des\n flux de 70 % au niveau des points de passage\u201d. Il a \u00e9galement indiqu\u00e9 \nque \u201cle Royaume a sauv\u00e9 19.500 personnes en mer durant la m\u00eame ann\u00e9e\u201d.<\/p>\n\n\n\n<p>?voquant les accords de r\u00e9admission, M. Radev a soulign\u00e9 l\u2019importance pour l\u2019UE de mettre en place des mesures incitatives.<\/p>\n\n\n\n<p>Mme Davinia Wood, chef de l\u2019unit\u00e9 internationale \u00e0 la direction \nmigrations et affaires int\u00e9rieures de la Commission europ\u00e9enne a pour sa\n part soulign\u00e9 l\u2019importance qu\u2019accorde l\u2019Union europ\u00e9enne \u00e0 sa \ncoop\u00e9ration dans le domaine migratoire avec le Maroc dans le cadre d\u2019un \npartenariat global dont les termes ont \u00e9t\u00e9 r\u00e9it\u00e9r\u00e9s lors du dernier \nConseil d\u2019Association.<\/p>\n\n\n\n<p>Elle a rappel\u00e9 que l\u2019UE soutient la politique migratoire du Maroc \ndepuis son adoption par le biais d\u2019une multitude de projets et d\u2019une \nallocation budg\u00e9taire qui s\u2019\u00e9l\u00e8ve \u00e0 environ 342 millions d\u2019euros qui \ncouvre notamment la promotion de la protection des migrants y compris \nl\u2019acc\u00e8s \u00e0 l\u2019assistance judiciaire, le renforcement de la politique \nmigratoire au niveau local et central et la promotion du dialogue \nsud-sud sur les migrations.<\/p>\n\n\n\n<p>La repr\u00e9sentante de la Commission europ\u00e9enne a en outre fait \u00e9tat de \nla poursuite des discussions avec le Maroc pour approfondir davantage \ncette coop\u00e9ration, notamment en ce qui concerne la r\u00e9admission et la \nmigration ordonn\u00e9e dans le cadre d\u2019un partenariat gagnant-gagnant.<\/p>\n","protected":false},"excerpt":{"rendered":"<p>Bruxelles, le 6 f\u00e9vrier 2020 (MAP) \u2013 Le Parlement europ\u00e9en a soulign\u00e9, ce 6 f\u00e9vrier 2020, l\u2019importance de la coop\u00e9ration<\/p>\n","protected":false},"author":2,"featured_media":4084,"comment_status":"closed","ping_status":"closed","sticky":false,"template":"","format":"standard","meta":{"footnotes":""},"categories":[3,62,5],"tags":[],"class_list":["post-4083","post","type-post","status-publish","format-standard","has-post-thumbnail","hentry","category-accueil","category-afrique","category-maghreb-news"],"_links":{"self":[{"href":"http:\/\/anatem.info\/index.php?rest_route=\/wp\/v2\/posts\/4083","targetHints":{"allow":["GET"]}}],"collection":[{"href":"http:\/\/anatem.info\/index.php?rest_route=\/wp\/v2\/posts"}],"about":[{"href":"http:\/\/anatem.info\/index.php?rest_route=\/wp\/v2\/types\/post"}],"author":[{"embeddable":true,"href":"http:\/\/anatem.info\/index.php?rest_route=\/wp\/v2\/users\/2"}],"replies":[{"embeddable":true,"href":"http:\/\/anatem.info\/index.php?rest_route=%2Fwp%2Fv2%2Fcomments&post=4083"}],"version-history":[{"count":1,"href":"http:\/\/anatem.info\/index.php?rest_route=\/wp\/v2\/posts\/4083\/revisions"}],"predecessor-version":[{"id":4085,"href":"http:\/\/anatem.info\/index.php?rest_route=\/wp\/v2\/posts\/4083\/revisions\/4085"}],"wp:featuredmedia":[{"embeddable":true,"href":"http:\/\/anatem.info\/index.php?rest_route=\/wp\/v2\/media\/4084"}],"wp:attachment":[{"href":"http:\/\/anatem.info\/index.php?rest_route=%2Fwp%2Fv2%2Fmedia&parent=4083"}],"wp:term":[{"taxonomy":"category","embeddable":true,"href":"http:\/\/anatem.info\/index.php?rest_route=%2Fwp%2Fv2%2Fcategories&post=4083"},{"taxonomy":"post_tag","embeddable":true,"href":"http:\/\/anatem.info\/index.php?rest_route=%2Fwp%2Fv2%2Ftags&post=4083"}],"curies":[{"name":"wp","href":"https:\/\/api.w.org\/{rel}","templated":true}]}}