{"id":4086,"date":"2020-02-11T01:03:00","date_gmt":"2020-02-11T01:03:00","guid":{"rendered":"http:\/\/anatem.info\/?p=4086"},"modified":"2020-02-11T01:03:00","modified_gmt":"2020-02-11T01:03:00","slug":"sm-le-roi-lance-les-travaux-de-construction-de-lhopital-psychiatrique-dagadir-une-nouvelle-entite-qui-vient-enrichir-les-infrastructures-hospitalieres-de-la-region-souss-massa","status":"publish","type":"post","link":"http:\/\/anatem.info\/?p=4086","title":{"rendered":"SM le Roi lance les travaux de construction de l\u2019H\u00f4pital psychiatrique d\u2019Agadir, une nouvelle entit\u00e9 qui vient enrichir les infrastructures hospitali\u00e8res de la r\u00e9gion Souss Massa"},"content":{"rendered":"\n<p>Agadir, le 7 f\u00e9vrier 2020 (MAP) \u2013 Sa Majest\u00e9 le Roi Mohammed VI, que Dieu L\u2019assiste, a  proc\u00e9d\u00e9, vendredi, 7 f\u00e9vrier 2020, \u00e0 Agadir, au lancement des travaux de construction de  l\u2019H\u00f4pital psychiatrique de la ville, un projet qui s\u2019inscrit dans le  cadre de la mise en \u0153uvre du programme de d\u00e9veloppement urbain de la  ville d\u2019Agadir (2020-2024), lanc\u00e9 mardi dernier par le Souverain.<\/p>\n\n\n\n<p>Mobilisant des investissements de l\u2019ordre de 55 millions de dirhams, \nce projet traduit l\u2019int\u00e9r\u00eat particulier qu\u2019accorde le Souverain au \nsecteur de la Sant\u00e9, \u00e0 travers notamment le d\u00e9veloppement des \ninfrastructures hospitali\u00e8res, le renforcement des services de sant\u00e9 \nprimaires et leur rapprochement des citoyens.<\/p>\n\n\n\n<p>Il ambitionne ainsi le renforcement de l\u2019offre en psychiatrie, la \nformation m\u00e9dicale et param\u00e9dicale, l\u2019am\u00e9lioration de la prise en charge\n des patients atteints de troubles mentaux, en droite ligne de la \nstrat\u00e9gie du minist\u00e8re de la Sant\u00e9 en la mati\u00e8re qui pr\u00e9voit la cr\u00e9ation\n d\u2019h\u00f4pitaux r\u00e9gionaux sp\u00e9cialis\u00e9s en psychiatrie \u00e0 Agadir (projet objet \ndu lancement), K\u00e9nitra et El Kela\u00e2 des Sraghna.<\/p>\n\n\n\n<p>D\u2019une capacit\u00e9 de 120 lits, le futur \u00e9tablissement hospitalier sera \n\u00e9rig\u00e9 sur un terrain de 25.097 m2 et comprendra un H\u00f4pital de jour, des \nservices de psychiatrie, de p\u00e9dopsychiatrie, de g\u00e9riatrie, une unit\u00e9 de \nm\u00e9decine l\u00e9gale et une autre d\u2019addictologie, un p\u00f4le de consultations \nexternes, un p\u00f4le hospitalisation (hommes\/femmes\/enfants) et un service \nd\u2019urgence.<\/p>\n\n\n\n<p>Ce projet viendra ainsi consolider l\u2019offre de soins psychiatriques \nqui compte actuellement trois services de psychiatrie au niveau des \nCentres Hospitaliers provinciaux d\u2019Inezgane, de Taroudante et de Tiznit,\n et un Centre d\u2019addictologie \u00e0 Agadir.<\/p>\n\n\n\n<p>Il permettra d\u2019assurer davantage de compl\u00e9mentarit\u00e9 dans la carte \nsanitaire au niveau de la R\u00e9gion qui voit \u00e9galement ses infrastructures \nm\u00e9dicales se renforcer \u00e0 la faveur notamment du projet de construction \ndu Centre Hospitalier Universitaire (CHU) d\u2019Agadir, dont rel\u00e8vera le \nfutur H\u00f4pital psychiatrique d\u2019Agadir.<\/p>\n\n\n\n<p>R\u00e9pondant aux aspirations et attentes des populations de la r\u00e9gion, \nle CHU d\u2019Agadir, dont le taux global d\u2019avancement des travaux de \nr\u00e9alisation a atteint 32 pc, mobilise une enveloppe budg\u00e9taire de \nl\u2019ordre de 2.330 millions de dirhams et est r\u00e9alis\u00e9 sur une superficie \nde 30 hectares (127.196 m2 couverts), sur un terrain situ\u00e9 \u00e0 proximit\u00e9 \nde la Facult\u00e9 de m\u00e9decine et de pharmacie.<\/p>\n\n\n\n<p>Le futur Centre Hospitalier Universitaire, d\u2019une capacit\u00e9 totale de \n867 lits, comportera notamment un H\u00f4pital de jour (h\u00f4pital de jour \nchirurgical\/m\u00e9dical, service d\u2019endoscopie et d\u2019angiographie, service de \nn\u00e9phrologie), un p\u00f4le d\u2019hospitalisation (sp\u00e9cialit\u00e9s m\u00e9dicales et \nchirurgicales, sant\u00e9 M\u00e8re-Enfant, service des urgences et unit\u00e9 \nd\u2019hospitalisation de courte dur\u00e9e), 48 salles de consultations et \nd\u2019explorations fonctionnelles, un p\u00f4le de chirurgie, le Centre r\u00e9gional \nd\u2019oncologie et l\u2019H\u00f4pital psychiatrique d\u2019Agadir.<\/p>\n\n\n\n<p>H\u00f4pital de r\u00e9f\u00e9rence de troisi\u00e8me g\u00e9n\u00e9ration, ce projet participera \nsans nul doute au d\u00e9veloppement des infrastructures hospitali\u00e8res au \nniveau de la r\u00e9gion Souss-Massa et au renforcement des services de sant\u00e9\n de base et leur rapprochement des citoyens qui n\u2019auront plus besoin de \nse d\u00e9placer vers d\u2019autres villes pour des chirurgies compliqu\u00e9es ou \ncertaines pathologies difficiles.<\/p>\n\n\n\n<p>S\u2019inscrivant en droite ligne des objectifs du Programme de \nd\u00e9veloppement urbain de la ville d\u2019Agadir (2020-2024) qui accorde une \nplace de choix au d\u00e9veloppement de l\u2019offre de sant\u00e9, la r\u00e9alisation de \nl\u2019H\u00f4pital psychiatrique d\u2019Agadir permettra, aux c\u00f4t\u00e9s de la facult\u00e9 de \nM\u00e9decine et de pharmacie et du futur CHU, l\u2019\u00e9mergence d\u2019un v\u00e9ritable \np\u00f4le m\u00e9dical d\u2019excellence au niveau de la r\u00e9gion.<\/p>\n","protected":false},"excerpt":{"rendered":"<p>Agadir, le 7 f\u00e9vrier 2020 (MAP) \u2013 Sa Majest\u00e9 le Roi Mohammed VI, que Dieu L\u2019assiste, a proc\u00e9d\u00e9, vendredi, 7<\/p>\n","protected":false},"author":2,"featured_media":4087,"comment_status":"closed","ping_status":"closed","sticky":false,"template":"","format":"standard","meta":{"footnotes":""},"categories":[3,62,5,7],"tags":[],"class_list":["post-4086","post","type-post","status-publish","format-standard","has-post-thumbnail","hentry","category-accueil","category-afrique","category-maghreb-news","category-presse-marocaine"],"_links":{"self":[{"href":"http:\/\/anatem.info\/index.php?rest_route=\/wp\/v2\/posts\/4086","targetHints":{"allow":["GET"]}}],"collection":[{"href":"http:\/\/anatem.info\/index.php?rest_route=\/wp\/v2\/posts"}],"about":[{"href":"http:\/\/anatem.info\/index.php?rest_route=\/wp\/v2\/types\/post"}],"author":[{"embeddable":true,"href":"http:\/\/anatem.info\/index.php?rest_route=\/wp\/v2\/users\/2"}],"replies":[{"embeddable":true,"href":"http:\/\/anatem.info\/index.php?rest_route=%2Fwp%2Fv2%2Fcomments&post=4086"}],"version-history":[{"count":1,"href":"http:\/\/anatem.info\/index.php?rest_route=\/wp\/v2\/posts\/4086\/revisions"}],"predecessor-version":[{"id":4089,"href":"http:\/\/anatem.info\/index.php?rest_route=\/wp\/v2\/posts\/4086\/revisions\/4089"}],"wp:featuredmedia":[{"embeddable":true,"href":"http:\/\/anatem.info\/index.php?rest_route=\/wp\/v2\/media\/4087"}],"wp:attachment":[{"href":"http:\/\/anatem.info\/index.php?rest_route=%2Fwp%2Fv2%2Fmedia&parent=4086"}],"wp:term":[{"taxonomy":"category","embeddable":true,"href":"http:\/\/anatem.info\/index.php?rest_route=%2Fwp%2Fv2%2Fcategories&post=4086"},{"taxonomy":"post_tag","embeddable":true,"href":"http:\/\/anatem.info\/index.php?rest_route=%2Fwp%2Fv2%2Ftags&post=4086"}],"curies":[{"name":"wp","href":"https:\/\/api.w.org\/{rel}","templated":true}]}}