{"id":4092,"date":"2020-02-11T18:36:03","date_gmt":"2020-02-11T18:36:03","guid":{"rendered":"http:\/\/anatem.info\/?p=4092"},"modified":"2020-02-11T18:36:03","modified_gmt":"2020-02-11T18:36:03","slug":"lobservatoire-africain-des-migrations-un-outil-de-plaidoyer-et-daide-a-la-prise-de-decision-rapport-du-roi-du-maroc","status":"publish","type":"post","link":"http:\/\/anatem.info\/?p=4092","title":{"rendered":"L\u2019Observatoire africain des migrations, un outil de plaidoyer et d\u2019aide \u00e0 la prise de d\u00e9cision (rapport du Roi du Maroc)"},"content":{"rendered":"\n<p>Addis Abeb, le 10 f\u00e9vrier 2020 (MAP) -Gr\u00e2ce \u00e0 l\u2019Observatoire africain des migrations que le  Maroc abritera, l\u2019Afrique disposera d\u2019un \u201coutil de plaidoyer et d\u2019aide \u00e0  la prise de d\u00e9cision\u201d, souligne le rapport de SM le Roi Mohammed VI sur  le suivi de la mise en place de cet observatoire au Maroc, pr\u00e9sent\u00e9 par  le Chef du gouvernement, M. Saad Dine El Otmani, lundi devant le 33\u00e8  Sommet Ordinaire de l\u2019Union africaine (UA), qui se tient \u00e0 Addis-Abeba.<\/p>\n\n\n\n<p>Les donn\u00e9es migratoires solides et fiables constituent des \u201coutils \nindispensables \u00e0 l\u2019\u00e9laboration de politiques pertinentes, efficaces et \nadapt\u00e9es \u00e0 la r\u00e9alit\u00e9\u201d et permettront \u201c\u00e0 nos pays d\u2019identifier les \ndestinations de nos ressortissants, de nos jeunes, de nos femmes et de \nnos enfants, de conna\u00eetre leurs itin\u00e9raires, de prendre la mesure des \ndangers et des risques qu\u2019ils courent et aussi des facteurs qui les ont \npouss\u00e9s \u00e0 quitter leurs foyers\u201d, indique le rapport, notant qu\u2019il \ns\u2019agira, \u201cd\u00e8s lors, d\u2019anticiper et d\u2019agir en cons\u00e9quence, non pas pour \nnuire aux migrants, mais bien plut\u00f4t pour leur offrir des conditions de \nvie meilleures, leur permettant de contribuer au d\u00e9veloppement du \ncontinent\u201d.<\/p>\n\n\n\n<p>L\u2019Observatoire africain des migrations est une institution de l\u2019UA \narticul\u00e9e autour d\u2019une \u201ctriple fonction de compr\u00e9hension, d\u2019anticipation\n et d\u2019action\u201d dont les activit\u00e9s, de nature technique et op\u00e9rationnelle,\n permettront de g\u00e9n\u00e9rer une \u201cmeilleure connaissance du ph\u00e9nom\u00e8ne \nmigratoire, de cr\u00e9er un narratif africain sur la migration, de \nrenseigner et de favoriser l\u2019harmonisation de politiques migratoires \nefficientes\u201d, fait valoir le document.<\/p>\n\n\n\n<p>Par ailleurs, ce m\u00e9canisme r\u00e9gional de collecte, d\u2019analyse, de \ngestion et d\u2019\u00e9change de donn\u00e9es dote l\u2019Afrique d\u2019un levier de \nd\u00e9veloppement, selon le rapport qui pr\u00e9cise que les donn\u00e9es sont \nd\u2019autant plus utiles qu\u2019elles permettent non seulement de connaitre le \ndegr\u00e9 d\u2019influence des migrants sur les diff\u00e9rents secteurs-cl\u00e9s pour le \nd\u00e9veloppement, mais aussi d\u2019\u00e9valuer les politiques publiques des pays \nafricains dans ces secteurs \u00e9conomiques et de renforcer l\u2019impact des \nmigrations sur le d\u00e9veloppement, aussi bien pour les pays d\u2019origine que \nd\u2019accueil.<\/p>\n\n\n\n<p>\u201cL\u2019Afrique gagnera \u00e9galement un instrument en faveur de la \ncoordination puisque l\u2019Observatoire implique une double coordination : \nau niveau national entre les diff\u00e9rents d\u00e9partements et au niveau \ncontinental entre les diff\u00e9rentes Communaut\u00e9s ?conomiques R\u00e9gionales\u201d, \nexplique le Souverain, estimant qu\u2019une base de donn\u00e9es, actualis\u00e9es, \nexhaustives et comparables \u00e0 l\u2019\u00e9chelle r\u00e9gionale et internationale est, \nen effet, tributaire d\u2019une harmonisation en termes de m\u00e9thodologie de \ncollecte et de d\u00e9finition des concepts.<\/p>\n\n\n\n<p>\u201cLe r\u00f4le pr\u00e9pond\u00e9rant du Maroc dans la conception, le d\u00e9veloppement \net la mise en \u0153uvre de l\u2019Observatoire est \u201cconsubstantiel \u00e0 Notre \nengagement en faveur d\u2019une nouvelle gouvernance de la migration\u201d, \naffirme Sa Majest\u00e9, notant que le Maroc \u201cn\u2019a m\u00e9nag\u00e9 aucun effort pour \nr\u00e9aliser chacune des \u00e9tapes visant la concr\u00e9tisation de Notre \nproposition\u201d de mise en place de l\u2019Observatoire africain des migrations.<\/p>\n\n\n\n<p>\u201cLe Maroc a \u00e9t\u00e9 \u00e0 la hauteur de ses engagements\u201d, en mettant \u00e0 la \ndisposition de l\u2019UA des locaux modernes et \u00e9quip\u00e9s, conformes aux normes\n et standards internationaux, qui abritent ce nouveau m\u00e9canisme africain\n et lui offrent toutes les conditions n\u00e9cessaires au d\u00e9marrage effectif \nde ses activit\u00e9s, Se f\u00e9licite le Souverain.<\/p>\n\n\n\n<p>D\u00e8s lors, \u00e0 travers ce rapport, le Maroc, qui joint la parole \u00e0 \nl\u2019action, se r\u00e9jouit d\u2019annoncer, le lancement prochain de l\u2019Observatoire\n Africain des Migrations, \u00e0 la suite des travaux de ce Sommet.<\/p>\n\n\n\n<p>Les travaux du 33\u00e8me sommet ordinaire des Chefs d\u2019?tat et de \ngouvernement de l\u2019UA se sont ouverts dimanche \u00e0 Addis-Abeba, avec la \nparticipation du Maroc.<\/p>\n\n\n\n<p>La d\u00e9l\u00e9gation marocaine lors de ce sommet, plac\u00e9 sous le th\u00e8me \u201cFaire\n taire les armes : cr\u00e9er des conditions propices au d\u00e9veloppement de \nl\u2019Afrique\u201d, est conduite par le Chef du gouvernement, Saad Dine El \nOtmani.<\/p>\n\n\n\n<p>La d\u00e9l\u00e9gation comprend le ministre des Affaires \u00e9trang\u00e8res, de la \nCoop\u00e9ration africaine et des Marocains r\u00e9sidant \u00e0 l\u2019\u00e9tranger, Nasser \nBourita, le ministre d\u00e9l\u00e9gu\u00e9 aupr\u00e8s du ministre des Affaires \u00e9trang\u00e8res,\n de la Coop\u00e9ration africaine et des Marocains r\u00e9sidant \u00e0 l\u2019\u00e9tranger, M. \nMohcine Jazouli, et l\u2019ambassadeur repr\u00e9sentant permanent du Royaume \naupr\u00e8s de l\u2019UA et de la CEA-ONU, Mohamed Arrouchi.<\/p>\n","protected":false},"excerpt":{"rendered":"<p>Addis Abeb, le 10 f\u00e9vrier 2020 (MAP) -Gr\u00e2ce \u00e0 l\u2019Observatoire africain des migrations que le Maroc abritera, l\u2019Afrique disposera d\u2019un<\/p>\n","protected":false},"author":2,"featured_media":3990,"comment_status":"closed","ping_status":"closed","sticky":false,"template":"","format":"standard","meta":{"footnotes":""},"categories":[3,62,5],"tags":[],"class_list":["post-4092","post","type-post","status-publish","format-standard","has-post-thumbnail","hentry","category-accueil","category-afrique","category-maghreb-news"],"_links":{"self":[{"href":"http:\/\/anatem.info\/index.php?rest_route=\/wp\/v2\/posts\/4092","targetHints":{"allow":["GET"]}}],"collection":[{"href":"http:\/\/anatem.info\/index.php?rest_route=\/wp\/v2\/posts"}],"about":[{"href":"http:\/\/anatem.info\/index.php?rest_route=\/wp\/v2\/types\/post"}],"author":[{"embeddable":true,"href":"http:\/\/anatem.info\/index.php?rest_route=\/wp\/v2\/users\/2"}],"replies":[{"embeddable":true,"href":"http:\/\/anatem.info\/index.php?rest_route=%2Fwp%2Fv2%2Fcomments&post=4092"}],"version-history":[{"count":1,"href":"http:\/\/anatem.info\/index.php?rest_route=\/wp\/v2\/posts\/4092\/revisions"}],"predecessor-version":[{"id":4094,"href":"http:\/\/anatem.info\/index.php?rest_route=\/wp\/v2\/posts\/4092\/revisions\/4094"}],"wp:featuredmedia":[{"embeddable":true,"href":"http:\/\/anatem.info\/index.php?rest_route=\/wp\/v2\/media\/3990"}],"wp:attachment":[{"href":"http:\/\/anatem.info\/index.php?rest_route=%2Fwp%2Fv2%2Fmedia&parent=4092"}],"wp:term":[{"taxonomy":"category","embeddable":true,"href":"http:\/\/anatem.info\/index.php?rest_route=%2Fwp%2Fv2%2Fcategories&post=4092"},{"taxonomy":"post_tag","embeddable":true,"href":"http:\/\/anatem.info\/index.php?rest_route=%2Fwp%2Fv2%2Ftags&post=4092"}],"curies":[{"name":"wp","href":"https:\/\/api.w.org\/{rel}","templated":true}]}}