{"id":4095,"date":"2020-02-11T18:40:33","date_gmt":"2020-02-11T18:40:33","guid":{"rendered":"http:\/\/anatem.info\/?p=4095"},"modified":"2020-02-11T18:40:33","modified_gmt":"2020-02-11T18:40:33","slug":"sommet-de-lua-le-maroc-doublement-prime-a-addis-abeba","status":"publish","type":"post","link":"http:\/\/anatem.info\/?p=4095","title":{"rendered":"Sommet de l\u2019UA: Le Maroc doublement prim\u00e9 \u00e0 Addis-Abeba"},"content":{"rendered":"\n<p> Addis-Abeba, le 10 f\u00e9vrier 2020 (MAP) \u2013 Le Maroc s\u2019est vu d\u00e9cerner, lundi, \u00e0 Addis-Abeba, deux  prix de l\u2019Union Africaine (UA), r\u00e9compensant les efforts du Royaume en  mati\u00e8re de lutte contre les changements climatiques et de transformation  de l\u2019agriculture en Afrique.<br> Il s\u2019agit du Prix de la meilleure performance en mati\u00e8re de changement  climatique et du Prix de la meilleure performance de l\u2019ann\u00e9e 2020 pour  la mise en \u0153uvre de la D\u00e9claration de Malabo de 2014 relative \u00e0 la  transformation l\u2019agriculture africaine.<br> Ces prix, d\u00e9cern\u00e9s au Royaume \u00e0 l\u2019occasion du 33\u00e8 de l\u2019UA qui se tient  dans la capitale \u00e9thiopienne, constituent une autre reconnaissance des  efforts d\u00e9ploy\u00e9s par le Maroc en faveur du d\u00e9veloppement du continent.<br> Les changements climatiques repr\u00e9sentent un d\u00e9fi de taille pour  l\u2019Afrique, le continent le plus expos\u00e9 aux effets de ces changements  avec leur lot de cyclones, d\u2019inondations et de cycles prolong\u00e9s de  s\u00e9cheresse.<br> Les pas franchis par le Maroc, \u00e0 la faveur d\u2019une strat\u00e9gie visionnaire  de d\u00e9veloppement des \u00e9nergies renouvelables, positionnent le Royaume au  premier rang de la lutte contre les changements climatiques en Afrique.<br> L\u2019expertise du Royaume est aujourd\u2019hui sollicit\u00e9e partout dans le  continent, de la r\u00e9gion du Sahel jusqu\u2019aux Etats insulaires, des r\u00e9gions  qui b\u00e9n\u00e9ficient d\u00e9j\u00e0 du savoir-faire d\u00e9velopp\u00e9 par le Maroc dans ce  domaine intrins\u00e8quement li\u00e9 \u00e0 l\u2019avenir de l\u2019Afrique.<br> Dans le domaine agricole, le Plan Maroc Vert a \u00e9t\u00e9 cit\u00e9 lors du sommet  comme mod\u00e8le duquel de nombreux pays africains fr\u00e8res souhaitent  s\u2019inspirer dans le cadre de leurs efforts visant \u00e0 r\u00e9pondre aux attentes  de leurs populations en termes de d\u00e9veloppement durable. <\/p>\n","protected":false},"excerpt":{"rendered":"<p>Addis-Abeba, le 10 f\u00e9vrier 2020 (MAP) \u2013 Le Maroc s\u2019est vu d\u00e9cerner, lundi, \u00e0 Addis-Abeba, deux prix de l\u2019Union Africaine<\/p>\n","protected":false},"author":2,"featured_media":3990,"comment_status":"closed","ping_status":"closed","sticky":false,"template":"","format":"standard","meta":{"footnotes":""},"categories":[3,62,7],"tags":[],"class_list":["post-4095","post","type-post","status-publish","format-standard","has-post-thumbnail","hentry","category-accueil","category-afrique","category-presse-marocaine"],"_links":{"self":[{"href":"http:\/\/anatem.info\/index.php?rest_route=\/wp\/v2\/posts\/4095","targetHints":{"allow":["GET"]}}],"collection":[{"href":"http:\/\/anatem.info\/index.php?rest_route=\/wp\/v2\/posts"}],"about":[{"href":"http:\/\/anatem.info\/index.php?rest_route=\/wp\/v2\/types\/post"}],"author":[{"embeddable":true,"href":"http:\/\/anatem.info\/index.php?rest_route=\/wp\/v2\/users\/2"}],"replies":[{"embeddable":true,"href":"http:\/\/anatem.info\/index.php?rest_route=%2Fwp%2Fv2%2Fcomments&post=4095"}],"version-history":[{"count":1,"href":"http:\/\/anatem.info\/index.php?rest_route=\/wp\/v2\/posts\/4095\/revisions"}],"predecessor-version":[{"id":4097,"href":"http:\/\/anatem.info\/index.php?rest_route=\/wp\/v2\/posts\/4095\/revisions\/4097"}],"wp:featuredmedia":[{"embeddable":true,"href":"http:\/\/anatem.info\/index.php?rest_route=\/wp\/v2\/media\/3990"}],"wp:attachment":[{"href":"http:\/\/anatem.info\/index.php?rest_route=%2Fwp%2Fv2%2Fmedia&parent=4095"}],"wp:term":[{"taxonomy":"category","embeddable":true,"href":"http:\/\/anatem.info\/index.php?rest_route=%2Fwp%2Fv2%2Fcategories&post=4095"},{"taxonomy":"post_tag","embeddable":true,"href":"http:\/\/anatem.info\/index.php?rest_route=%2Fwp%2Fv2%2Ftags&post=4095"}],"curies":[{"name":"wp","href":"https:\/\/api.w.org\/{rel}","templated":true}]}}