{"id":4098,"date":"2020-02-11T18:43:19","date_gmt":"2020-02-11T18:43:19","guid":{"rendered":"http:\/\/anatem.info\/?p=4098"},"modified":"2020-02-11T18:43:19","modified_gmt":"2020-02-11T18:43:19","slug":"le-33e-sommet-de-lua-premier-sommet-lors-duquel-le-rapport-du-cps-ne-contient-aucune-reference-a-la-question-du-sahara-marocain","status":"publish","type":"post","link":"http:\/\/anatem.info\/?p=4098","title":{"rendered":"Le 33\u00e8 Sommet de l\u2019UA, premier sommet lors duquel le rapport du CPS ne contient aucune r\u00e9f\u00e9rence \u00e0 la question du Sahara marocain"},"content":{"rendered":"\n<p> Addis-Abeba, le 10 f\u00e9vrier 2020 (MAP) \u2013 Le 33\u00e8 Sommet de l\u2019Union africaine (UA) est le premier  sommet de ces quatre derni\u00e8res ann\u00e9es lors duquel le rapport du Conseil  de paix et de s\u00e9curit\u00e9 (CPS) de l\u2019UA ne contient aucune r\u00e9f\u00e9rence \u00e0 la  question du Sahara marocain, a indiqu\u00e9, lundi \u00e0 Addis-Abeba, le ministre  des Affaires \u00e9trang\u00e8res, de la Coop\u00e9ration africaine et des Marocains  r\u00e9sidant \u00e0 l\u2019Etranger, Nasser Bourita.<br> Depuis le retour du Maroc au sein de l\u2019organisation panafricaine, act\u00e9  en janvier 2017, c\u2019est le premier sommet au cours duquel le CPS de l\u2019UA  ne contient aucune indication au sujet de la question du Sahara  marocain, a soulign\u00e9 M. Bourita lors d\u2019une conf\u00e9rence de presse au si\u00e8ge  de l\u2019UA \u00e0 l\u2019occasion du 33\u00e8 sommet de l\u2019Union.<br> Il a rappel\u00e9, dans ce cadre, la d\u00e9cision du Sommet de Nouakchott de 2018  qui avait d\u00e9cid\u00e9 que la question du Sahara marocain est trait\u00e9e au  niveau des Nations unies et que l\u2019UA doit apporter son appui et son  soutien \u00e0 ce processus et ne doit aucunement cr\u00e9er un processus  parall\u00e8le ou une litt\u00e9rature diff\u00e9rente de celle des Nations Unies.<br> Les pays membres de l\u2019UA s\u2019int\u00e9ressent maintenant aux questions de paix,  de s\u00e9curit\u00e9 et de d\u00e9veloppement et la question du Sahara marocain  dispose de son propre cadre et sa r\u00e9f\u00e9rence au sein de l\u2019Onu, a soulign\u00e9  M. Bourita, r\u00e9affirmant que la d\u00e9cision du Sommet de Nouakchott demeure  la r\u00e9f\u00e9rence de l\u2019UA \u00e0 ce sujet.<br> Pour rappel, lors de ce 33\u00e8 Sommet d\u2019Addis-Abeba, le Pr\u00e9sident de la  Commission de l\u2019UA, Moussa Faki Mahamat, a confirm\u00e9 l\u2019exclusivit\u00e9 des  Nations Unies dans la r\u00e9solution de la question du Sahara marocain.<br> Dans son intervention \u00e0 l\u2019ouverture de la 33\u00e8 Conf\u00e9rence des chefs  d\u2019Etat et de gouvernement de l\u2019UA, M. Faki Mahamat a pr\u00e9cis\u00e9 que  conform\u00e9ment \u00e0 la d\u00e9cision 693 du Sommet de Nouakchott, la Tro\u00efka de  l\u2019UA apportera un soutien efficace au processus men\u00e9 par les Nations  unies, qui est le cadre volontairement choisi par les parties pour une  solution politique durable. <\/p>\n","protected":false},"excerpt":{"rendered":"<p>Addis-Abeba, le 10 f\u00e9vrier 2020 (MAP) \u2013 Le 33\u00e8 Sommet de l\u2019Union africaine (UA) est le premier sommet de ces<\/p>\n","protected":false},"author":2,"featured_media":4008,"comment_status":"closed","ping_status":"closed","sticky":false,"template":"","format":"standard","meta":{"footnotes":""},"categories":[3,62,8],"tags":[],"class_list":["post-4098","post","type-post","status-publish","format-standard","has-post-thumbnail","hentry","category-accueil","category-afrique","category-provinces-du-sud"],"_links":{"self":[{"href":"http:\/\/anatem.info\/index.php?rest_route=\/wp\/v2\/posts\/4098","targetHints":{"allow":["GET"]}}],"collection":[{"href":"http:\/\/anatem.info\/index.php?rest_route=\/wp\/v2\/posts"}],"about":[{"href":"http:\/\/anatem.info\/index.php?rest_route=\/wp\/v2\/types\/post"}],"author":[{"embeddable":true,"href":"http:\/\/anatem.info\/index.php?rest_route=\/wp\/v2\/users\/2"}],"replies":[{"embeddable":true,"href":"http:\/\/anatem.info\/index.php?rest_route=%2Fwp%2Fv2%2Fcomments&post=4098"}],"version-history":[{"count":1,"href":"http:\/\/anatem.info\/index.php?rest_route=\/wp\/v2\/posts\/4098\/revisions"}],"predecessor-version":[{"id":4099,"href":"http:\/\/anatem.info\/index.php?rest_route=\/wp\/v2\/posts\/4098\/revisions\/4099"}],"wp:featuredmedia":[{"embeddable":true,"href":"http:\/\/anatem.info\/index.php?rest_route=\/wp\/v2\/media\/4008"}],"wp:attachment":[{"href":"http:\/\/anatem.info\/index.php?rest_route=%2Fwp%2Fv2%2Fmedia&parent=4098"}],"wp:term":[{"taxonomy":"category","embeddable":true,"href":"http:\/\/anatem.info\/index.php?rest_route=%2Fwp%2Fv2%2Fcategories&post=4098"},{"taxonomy":"post_tag","embeddable":true,"href":"http:\/\/anatem.info\/index.php?rest_route=%2Fwp%2Fv2%2Ftags&post=4098"}],"curies":[{"name":"wp","href":"https:\/\/api.w.org\/{rel}","templated":true}]}}