{"id":4100,"date":"2020-02-13T16:59:52","date_gmt":"2020-02-13T16:59:52","guid":{"rendered":"http:\/\/anatem.info\/?p=4100"},"modified":"2020-02-13T17:01:28","modified_gmt":"2020-02-13T17:01:28","slug":"maroc-la-commune-dait-melloul-mise-a-lhonneur-par-le-roi-mohammed-vi","status":"publish","type":"post","link":"http:\/\/anatem.info\/?p=4100","title":{"rendered":"Maroc : La Commune d\u2019Ait Melloul mise \u00e0 l\u2019honneur par le Roi Mohammed VI"},"content":{"rendered":"\n<p>Le  Roi Mohammed VI a proc\u00e9d\u00e9, le 12 f\u00e9vrier 2020, \u00e0 la Commune d\u2019Ait  Melloul \u00e0 l\u2019inauguration de la plateforme des jeunes \u00ab Argana \u00bb pour  l\u2019\u00e9coute et l\u2019orientation; donnant ainsi  une forte impulsion aux programmes de l\u2019Initiative Nationale pour le  D\u00e9veloppement Humain (INDH), qui est \u00e0 sa troisi\u00e8me phase.<\/p>\n\n\n\n<p>\nCe\n projet, r\u00e9alis\u00e9 dans le cadre du programme III de l\u2019INDH \u00ab Am\u00e9lioration\n du Revenu et Inclusion Economique des Jeunes \u00bb, t\u00e9moigne de l\u2019int\u00e9r\u00eat \nparticulier que porte le Souverain\n du Maroc \u00e0 l\u2019\u00e9panouissement des jeunes et de sa volont\u00e9 de les doter \nd\u2019outils vari\u00e9s \u00e0 m\u00eame de stimuler l\u2019esprit d\u2019initiative et \nd\u2019entrepreneuriat chez eux et de leur garantir une meilleure int\u00e9gration\n socio-\u00e9conomique.<\/p>\n\n\n\n<p>\nCe\n projet, dont le co\u00fbt de r\u00e9alisation avoisine les 07 millions de \nDirhams, abrite des espaces d\u2019accueil, d\u2019entreprenariat, d\u2019emploi et \nd\u2019\u00e9coute, un auditorium, des ateliers, une\n m\u00e9diath\u00e8que, une salle de sport et un terrain de mini foot. Il \nconstitue \u00e9galement un carrefour de rencontre des diff\u00e9rents acteurs \nimpliqu\u00e9s dans le chantier de l\u2019int\u00e9gration des jeunes et une r\u00e9ponse \naux attentes des jeunes \u00e0 la recherche d\u2019opportunit\u00e9s\n d\u2019emploi, ambitionne de faciliter l\u2019acc\u00e8s des personnes cibles \u00e0 \nl\u2019information relative au march\u00e9 du travail et \u00e0 les encourager \u00e0 cr\u00e9er \nleurs propres entreprises.<\/p>\n\n\n\n<p>\nCet\n espace, encadr\u00e9 par des \u00e9quipes sp\u00e9cialis\u00e9es dans l\u2019orientation, se \nveut \u00eatre \u00e0 l\u2019\u00e9coute, \u00e0 l\u2019accompagnement des b\u00e9n\u00e9ficiaires dans le \nprocessus de conception de leurs projets\n professionnels et permettra, assur\u00e9ment, aux jeunes de la r\u00e9gion \nSouss-Massa de tirer le meilleur parti du Programme Int\u00e9gr\u00e9 d\u2019Appui et \nde Financement des Entreprises et comporte plusieurs mesures destin\u00e9es \u00e0\n contenir tout en d\u00e9passant les difficult\u00e9s entravant\n l\u2019acc\u00e8s au financement des jeunes porteurs de projets et des tr\u00e8s \npetites et petites entreprises.<\/p>\n\n\n\n<p>\nA\n rappeler que la plateforme des jeunes \u00ab&nbsp;Argana&nbsp;\u00bb s\u2019inscrit dans le \nProgramme III de l\u2019INDH \u00ab Am\u00e9lioration du Revenu et Inclusion Economique\n des Jeunes \u00bb qui mobilise une enveloppe\n budg\u00e9taire de 18 milliards de Dirhams au titre 2019-2023, et s\u2019articule\n autour\n de quatre principaux programmes, \u00e0 savoir la r\u00e9sorption des d\u00e9ficits en\n mati\u00e8re d\u2019infrastructures et des services\n de base, l\u2019accompagnement des personnes en situation de pr\u00e9carit\u00e9, \nl\u2019am\u00e9lioration du revenu et l\u2019inclusion \u00e9conomique des jeunes et \nl\u2019impulsion du capital humain des g\u00e9n\u00e9rations montantes.<\/p>\n\n\n\n<p>\nLa \npr\u00e9servation\n de la dignit\u00e9 du citoyen, am\u00e9lioration de ses conditions de vie et \nvalorisation du capital humain, telles sont les objectifs principaux de \nla troisi\u00e8me phase de l\u2019Initiative Nationale\n pour le D\u00e9veloppement Humain, qui a souffl\u00e9 cette ann\u00e9e sa premi\u00e8re \nbougie avec \u00e0 son actif plusieurs r\u00e9alisations et initiatives.<\/p>\n\n\n\n<p> A  cette occasion, le Roi du Maroc a proc\u00e9d\u00e9 \u00e0 la remise de vingt-huit  minibus, dont 26 de transport scolaire et deux pour le transport de  sportifs, aux Pr\u00e9sidents de Communes et d\u2019Associations b\u00e9n\u00e9ficiaires relevant de la Pr\u00e9fecture d\u2019Agadir-Ida-Outanane. Ces  minibus, acquis dans le cadre de l\u2019INDH, ont pour objectif unique de  participer \u00e0 l\u2019am\u00e9lioration des conditions de scolarit\u00e9, \u00e0 la lutte  contre la d\u00e9perdition scolaire des \u00e9l\u00e8ves des zones  rurales cibles et \u00e0 la promotion des activit\u00e9s sportives.<\/p>\n\n\n\n<p>\nFarid Mnebhi.<\/p>\n","protected":false},"excerpt":{"rendered":"<p>Le Roi Mohammed VI a proc\u00e9d\u00e9, le 12 f\u00e9vrier 2020, \u00e0 la Commune d\u2019Ait Melloul \u00e0 l\u2019inauguration de la plateforme<\/p>\n","protected":false},"author":2,"featured_media":4101,"comment_status":"closed","ping_status":"closed","sticky":false,"template":"","format":"standard","meta":{"footnotes":""},"categories":[3,62,4,5,7],"tags":[],"class_list":["post-4100","post","type-post","status-publish","format-standard","has-post-thumbnail","hentry","category-accueil","category-afrique","category-competences-mre","category-maghreb-news","category-presse-marocaine"],"_links":{"self":[{"href":"http:\/\/anatem.info\/index.php?rest_route=\/wp\/v2\/posts\/4100","targetHints":{"allow":["GET"]}}],"collection":[{"href":"http:\/\/anatem.info\/index.php?rest_route=\/wp\/v2\/posts"}],"about":[{"href":"http:\/\/anatem.info\/index.php?rest_route=\/wp\/v2\/types\/post"}],"author":[{"embeddable":true,"href":"http:\/\/anatem.info\/index.php?rest_route=\/wp\/v2\/users\/2"}],"replies":[{"embeddable":true,"href":"http:\/\/anatem.info\/index.php?rest_route=%2Fwp%2Fv2%2Fcomments&post=4100"}],"version-history":[{"count":3,"href":"http:\/\/anatem.info\/index.php?rest_route=\/wp\/v2\/posts\/4100\/revisions"}],"predecessor-version":[{"id":4104,"href":"http:\/\/anatem.info\/index.php?rest_route=\/wp\/v2\/posts\/4100\/revisions\/4104"}],"wp:featuredmedia":[{"embeddable":true,"href":"http:\/\/anatem.info\/index.php?rest_route=\/wp\/v2\/media\/4101"}],"wp:attachment":[{"href":"http:\/\/anatem.info\/index.php?rest_route=%2Fwp%2Fv2%2Fmedia&parent=4100"}],"wp:term":[{"taxonomy":"category","embeddable":true,"href":"http:\/\/anatem.info\/index.php?rest_route=%2Fwp%2Fv2%2Fcategories&post=4100"},{"taxonomy":"post_tag","embeddable":true,"href":"http:\/\/anatem.info\/index.php?rest_route=%2Fwp%2Fv2%2Ftags&post=4100"}],"curies":[{"name":"wp","href":"https:\/\/api.w.org\/{rel}","templated":true}]}}