{"id":4219,"date":"2020-05-20T16:49:26","date_gmt":"2020-05-20T16:49:26","guid":{"rendered":"http:\/\/anatem.info\/?p=4219"},"modified":"2020-05-20T16:49:58","modified_gmt":"2020-05-20T16:49:58","slug":"covid19-le-gouvernement-algerien-accentue-la-repression-contre-les-defenseurs-des-droits-humains-malgre-le-confinement","status":"publish","type":"post","link":"http:\/\/anatem.info\/?p=4219","title":{"rendered":"COVID19 &#8211; Hirak : Le gouvernement alg\u00e9rien accentue la r\u00e9pression contre les d\u00e9fenseurs des droits humains malgr\u00e9 le confinement"},"content":{"rendered":"\n<p>L\u2019Observatoire pour la protection des d\u00e9fenseurs des droits de l\u2019Homme (FIDH-OMCT) a publi\u00e9 le 7 mai 2020 une \u00e9tude intitul\u00e9e \u00ab Alg\u00e9rie : Zoom sur le Hirak \u00bb, r\u00e9pertoriant les situations individuelles d\u2019une vingtaine de d\u00e9fenseurs des droits humains harcel\u00e9s par les autorit\u00e9s alg\u00e9riennes. Si les dirigeants du mouvement Hirak, qui continuent de r\u00e9clamer pacifiquement l\u2019av\u00e8nement d\u2019une Alg\u00e9rie d\u00e9mocratique, ont suspendu les manifestations depuis le 15 mars 2020 en raison de la pand\u00e9mie de COVID-19, et que l\u2019ensemble du pays a \u00e9t\u00e9 plac\u00e9 sous confinement depuis le 4 avril, la r\u00e9pression a continu\u00e9, avec des condamnations judiciaires \u00e0 de la prison ferme.<\/p>\n\n\n\n<p>S\u2019il n\u2019existe pas de chiffre\nofficiel d\u2019arrestations ou de d\u00e9tentions, le Comit\u00e9 national de lib\u00e9ration des\nd\u00e9tenus (CNLD) estimait le 30 mars 2020 le nombre de \u00ab&nbsp;d\u00e9tenus du\nHirak&nbsp;\u00bb \u00e0 1 200. Depuis le d\u00e9but du soul\u00e8vement populaire le 22 f\u00e9vrier\n2019, les interpellations, arrestations, d\u00e9tentions arbitraires et mauvais\ntraitements de militants pacifiques mais aussi de simples manifestants se sont\nmultipli\u00e9s.<\/p>\n\n\n\n<p>Parmi les personnes cibl\u00e9es, les\nd\u00e9fenseurs des droits humains &#8211; membres particuli\u00e8rement actifs du mouvement &#8211;\nont \u00e9t\u00e9 de plus en plus r\u00e9prim\u00e9s. Leur harc\u00e8lement judiciaire s\u2019est intensifi\u00e9\ndepuis septembre 2019, afin de les r\u00e9duire au silence. La vague de lib\u00e9rations\nde manifestants et de figures du Hirak entre d\u00e9cembre 2019 et janvier 2020\nn\u2019aura \u00e9t\u00e9 qu\u2019un espoir de courte dur\u00e9e. La r\u00e9pression a repris en f\u00e9vrier,\navec des manifestations violemment r\u00e9prim\u00e9es par la police, donnant lieu \u00e0 des\ncentaines d\u2019interpellations de manifestants pacifiques, et une s\u00e9rie de\ncondamnations lourdes \u00e0 compter du mois de mars.<\/p>\n\n\n\n<p>Alors que le monde fait face \u00e0 la\npand\u00e9mie du COVID-19 et \u00e0 une crise sanitaire sans pr\u00e9c\u00e9dent, le Hirak a\nd\u00e9cr\u00e9t\u00e9 une \u00ab&nbsp;tr\u00eave&nbsp;\u00bb \u00e0 partir du 15 mars 2020, suspendant les\nmarches pour des raisons sanitaires, afin de prioriser la lutte contre le\nvirus.<\/p>\n\n\n\n<p>En r\u00e9ponse, les autorit\u00e9s ont\ncontinu\u00e9 d\u2019arr\u00eater, harceler et condamner les d\u00e9fenseurs des droits humains qui\navaient manifest\u00e9 pacifiquement jusqu\u2019au 15 mars 2020. Si plusieurs proc\u00e8s ou\naudiences ont \u00e9t\u00e9 repouss\u00e9s sine die, comme pour Ahcene Kadi, certains\nd\u00e9fenseurs ont \u00e9t\u00e9 lourdement condamn\u00e9s. Le 6 avril 2020, un tribunal d\u2019Alger a\ncondamn\u00e9 M.&nbsp;Abdelouahab Fersaoui, pr\u00e9sident du Rassemblement actions\njeunesse (RAJ), \u00e0 un an de prison pour \u00ab&nbsp;atteinte \u00e0 l\u2019int\u00e9grit\u00e9 du\nterritoire national&nbsp;\u00bb et \u00ab&nbsp;incitation \u00e0 la violence pour nuire \u00e0 la\nd\u00e9fense nationale&nbsp;\u00bb. Ce dernier reste actuellement d\u00e9tenu et donc expos\u00e9 \u00e0\nla contraction du COVID-19 en prison, tout comme Samir Belarbi, pour qui aucune\ndate d\u2019audience n\u2019a pour l\u2019heure \u00e9t\u00e9 fix\u00e9e.<\/p>\n\n\n\n<p>D\u2019une mani\u00e8re plus globale, si le\ngouvernement a annonc\u00e9 d\u00e9but avril 2020 la lib\u00e9ration de plus de 5 000 d\u00e9tenus,\naucune de ces lib\u00e9rations n\u2019a concern\u00e9 des d\u00e9fenseurs des droits humains, qui\nrestent donc \u00e0 risque si une \u00e9pid\u00e9mie de coronavirus survenait dans des prisons\nalg\u00e9riennes bond\u00e9es.<\/p>\n","protected":false},"excerpt":{"rendered":"<p>L\u2019Observatoire pour la protection des d\u00e9fenseurs des droits de l\u2019Homme (FIDH-OMCT) a publi\u00e9 le 7 mai 2020 une \u00e9tude intitul\u00e9e<\/p>\n","protected":false},"author":2,"featured_media":4221,"comment_status":"closed","ping_status":"closed","sticky":false,"template":"","format":"standard","meta":{"footnotes":""},"categories":[3,62,5],"tags":[],"class_list":["post-4219","post","type-post","status-publish","format-standard","has-post-thumbnail","hentry","category-accueil","category-afrique","category-maghreb-news"],"_links":{"self":[{"href":"http:\/\/anatem.info\/index.php?rest_route=\/wp\/v2\/posts\/4219","targetHints":{"allow":["GET"]}}],"collection":[{"href":"http:\/\/anatem.info\/index.php?rest_route=\/wp\/v2\/posts"}],"about":[{"href":"http:\/\/anatem.info\/index.php?rest_route=\/wp\/v2\/types\/post"}],"author":[{"embeddable":true,"href":"http:\/\/anatem.info\/index.php?rest_route=\/wp\/v2\/users\/2"}],"replies":[{"embeddable":true,"href":"http:\/\/anatem.info\/index.php?rest_route=%2Fwp%2Fv2%2Fcomments&post=4219"}],"version-history":[{"count":2,"href":"http:\/\/anatem.info\/index.php?rest_route=\/wp\/v2\/posts\/4219\/revisions"}],"predecessor-version":[{"id":4223,"href":"http:\/\/anatem.info\/index.php?rest_route=\/wp\/v2\/posts\/4219\/revisions\/4223"}],"wp:featuredmedia":[{"embeddable":true,"href":"http:\/\/anatem.info\/index.php?rest_route=\/wp\/v2\/media\/4221"}],"wp:attachment":[{"href":"http:\/\/anatem.info\/index.php?rest_route=%2Fwp%2Fv2%2Fmedia&parent=4219"}],"wp:term":[{"taxonomy":"category","embeddable":true,"href":"http:\/\/anatem.info\/index.php?rest_route=%2Fwp%2Fv2%2Fcategories&post=4219"},{"taxonomy":"post_tag","embeddable":true,"href":"http:\/\/anatem.info\/index.php?rest_route=%2Fwp%2Fv2%2Ftags&post=4219"}],"curies":[{"name":"wp","href":"https:\/\/api.w.org\/{rel}","templated":true}]}}