{"id":4241,"date":"2020-06-07T16:45:56","date_gmt":"2020-06-07T16:45:56","guid":{"rendered":"http:\/\/anatem.info\/?p=4241"},"modified":"2020-06-07T16:45:56","modified_gmt":"2020-06-07T16:45:56","slug":"le-polisario-de-plus-en-plus-isole-en-depit-du-soutien-de-son-mentor-algerien-selon-lagence-de-presse-argentine","status":"publish","type":"post","link":"http:\/\/anatem.info\/?p=4241","title":{"rendered":"Le polisario, de plus en plus isol\u00e9 en d\u00e9pit du soutien de son mentor alg\u00e9rien selon l&rsquo;Agence de presse argentine"},"content":{"rendered":"\n<p>Buenos Aires, le 5 juin 2020 (MAP)  \u2013 L\u2019agence de presse ind\u00e9pendante argentine \u201cTotal News\u201d  a mis en avant les revers diplomatiques subis r\u00e9cemment par les  s\u00e9paratistes du +polisario+, soulignant que ce mouvement se retrouve de  plus en plus isol\u00e9 en d\u00e9pit du soutien de son mentor, l\u2019Alg\u00e9rie.<\/p>\n\n\n\n<p>La d\u00e9cision de la justice espagnole d\u2019interdire au +polisario+ et \u00e0 \nses sympathisants l\u2019utilisation de ses slogans et de ses banni\u00e8res dans \nles lieux publics et la d\u00e9route subie par les s\u00e9paratistes, fin mai \ndernier, \u00e0 l\u2019occasion de la c\u00e9l\u00e9bration de la Journ\u00e9e mondiale de \nl\u2019Afrique, montrent qu&rsquo;\u201dil est de plus en plus difficile pour l\u2019Alg\u00e9rie \nde soutenir\u201d le s\u00e9paratisme au Sahara marocain, \u00e9crit \u201cTotal News\u201d.<\/p>\n\n\n\n<p>Dans un article intitul\u00e9 \u201cLe front polisario de plus en plus seul\u201d, \nle politologue argentin Adalberto Carlos Agozino souligne que \u201cmalgr\u00e9 \nles efforts de la diplomatie alg\u00e9rienne, le polisario perd rapidement le\n soutien international\u201d, alors m\u00eame que \u201cl\u2019apparition d\u2019un solide \nmouvement de dissidence\u201d au sein des camps de Tindouf, administr\u00e9s par \nles s\u00e9paratistes en Alg\u00e9rie, complique davantage les t\u00e2ches \n\u201cchim\u00e9riques\u201d des s\u00e9paratistes et de leurs mentors alg\u00e9riens.<\/p>\n\n\n\n<p>Ces derniers ont \u00e9t\u00e9 fortement secou\u00e9s par \u201cl\u2019affaiblissement \nremarqu\u00e9 de la position internationale de l\u2019Alg\u00e9rie en raison des \nbouleversements internes qui ont provoqu\u00e9 le coup d\u2019?tat militaire qui a\n mis fin aux vingt ans de la dictature d\u2019Abdelaziz Bouteflika, les \n\u00e9lections truqu\u00e9es qui ont propuls\u00e9 \u00e0 la pr\u00e9sidence Abdelmadjid \nTebboune, un simple repr\u00e9sentant de l\u2019establishment militaire, et les \nmobilisations constantes de la rue \u00e0 l\u2019appel du mouvement Hirak pour \nr\u00e9clamer plus de libert\u00e9s et de d\u00e9mocratie dans le pays\u201d, pr\u00e9cise \nl\u2019auteur de l\u2019article.<\/p>\n\n\n\n<p>A tout cela s\u2019ajoute, selon cet universitaire et expert argentin en \nsciences politiques et en questions strat\u00e9giques, la r\u00e9cente cr\u00e9ation du\n \u201cMouvement Sahraouis pour la paix (MSP), qui revendique le respect des \ndroits de l\u2019Homme \u00e0 Tindouf et conteste au polisario la repr\u00e9sentation \nde la diaspora sahraouie\u201d.<\/p>\n\n\n\n<p>A ce \u201cdur revers juridique aux s\u00e9paratistes\u201d, s\u2019ajoute, selon \u201cTotal \nNews\u201d, la \u201cgifle diplomatique\u201d inflig\u00e9e par la ministre espagnole des \nAffaires \u00e9trang\u00e8res, de l\u2019Union Europ\u00e9enne et de la Coop\u00e9ration, Arancha\n Gonz?lez Laya, qui, \u00e0 l\u2019occasion de la Journ\u00e9e de l\u2019Afrique, a publi\u00e9 \nsur le compte Twitter de son d\u00e9partement une carte de l\u2019Afrique avec les\n drapeaux de tous les ?tats membres officiels de l\u2019Union africaine \u00e0 \nl\u2019exception de celui de la pseudo \u201crasd\u201d.<\/p>\n\n\n\n<p>Et de conclure que la diplomatie active, men\u00e9e par le Maroc depuis \nplusieurs ann\u00e9es, sous la conduite de SM le Roi Mohammed VI, a fait du \nRoyaume \u201cune voix de r\u00e9f\u00e9rence sur des questions telles que la \nprotection de l\u2019environnement, la d\u00e9fense des migrants africains ou la \ndiffusion d\u2019un Islam tol\u00e9rant loin de tout extr\u00e9misme\u201d et a d\u00e9montr\u00e9 \nl\u2019importance du r\u00f4le du Royaume et ce qu\u2019il \u201cpeut offrir au \nd\u00e9veloppement, \u00e0 la stabilit\u00e9 et \u00e0 la paix en Afrique\u201d.<\/p>\n","protected":false},"excerpt":{"rendered":"<p>Buenos Aires, le 5 juin 2020 (MAP) \u2013 L\u2019agence de presse ind\u00e9pendante argentine \u201cTotal News\u201d a mis en avant les<\/p>\n","protected":false},"author":2,"featured_media":0,"comment_status":"closed","ping_status":"closed","sticky":false,"template":"","format":"standard","meta":{"footnotes":""},"categories":[3,62,5,8],"tags":[],"class_list":["post-4241","post","type-post","status-publish","format-standard","hentry","category-accueil","category-afrique","category-maghreb-news","category-provinces-du-sud"],"_links":{"self":[{"href":"http:\/\/anatem.info\/index.php?rest_route=\/wp\/v2\/posts\/4241","targetHints":{"allow":["GET"]}}],"collection":[{"href":"http:\/\/anatem.info\/index.php?rest_route=\/wp\/v2\/posts"}],"about":[{"href":"http:\/\/anatem.info\/index.php?rest_route=\/wp\/v2\/types\/post"}],"author":[{"embeddable":true,"href":"http:\/\/anatem.info\/index.php?rest_route=\/wp\/v2\/users\/2"}],"replies":[{"embeddable":true,"href":"http:\/\/anatem.info\/index.php?rest_route=%2Fwp%2Fv2%2Fcomments&post=4241"}],"version-history":[{"count":1,"href":"http:\/\/anatem.info\/index.php?rest_route=\/wp\/v2\/posts\/4241\/revisions"}],"predecessor-version":[{"id":4242,"href":"http:\/\/anatem.info\/index.php?rest_route=\/wp\/v2\/posts\/4241\/revisions\/4242"}],"wp:attachment":[{"href":"http:\/\/anatem.info\/index.php?rest_route=%2Fwp%2Fv2%2Fmedia&parent=4241"}],"wp:term":[{"taxonomy":"category","embeddable":true,"href":"http:\/\/anatem.info\/index.php?rest_route=%2Fwp%2Fv2%2Fcategories&post=4241"},{"taxonomy":"post_tag","embeddable":true,"href":"http:\/\/anatem.info\/index.php?rest_route=%2Fwp%2Fv2%2Ftags&post=4241"}],"curies":[{"name":"wp","href":"https:\/\/api.w.org\/{rel}","templated":true}]}}