{"id":4424,"date":"2020-10-04T19:45:24","date_gmt":"2020-10-04T19:45:24","guid":{"rendered":"http:\/\/anatem.info\/?p=4424"},"modified":"2020-10-04T19:45:24","modified_gmt":"2020-10-04T19:45:24","slug":"le-dialogue-inter-libyen-a-bel-et-bien-repris-a-bouznika-au-maroc","status":"publish","type":"post","link":"http:\/\/anatem.info\/?p=4424","title":{"rendered":"Le dialogue inter-libyen a bel et bien repris \u00e0 Bouznika, au Maroc"},"content":{"rendered":"\n<p>Avec une journ\u00e9e de retard,   en raison  de calendrier diplomatique charg\u00e9, la d\u00e9l\u00e9gation du Haut Conseil d\u2019?tat Libyen, conduite par Monsieur Fawzi Al-Agab, et  celle de Monsieur Youssef El Akkouri, de la Chambre des Repr\u00e9sentants  libyens ont abord\u00e9, le 02 octobre 2020, un second round de pourparlers \u00e0  Bouznika, ville c\u00f4ti\u00e8re du Maroc.<\/p>\n\n\n\n<p>Ce \n  second round a \n pour objet la poursuite \n de la discussion sur l\u2019article 15 de l\u2019accord politique \n  de Skhirat de d\u00e9cembre 2015 et les compromis portant sur les m\u00e9canismes et crit\u00e8res de nomination aux postes de souverainet\u00e9.<\/p>\n\n\n\n<p>A noter que le Maroc s&rsquo;est toujours tenu et restera aux c\u00f4t\u00e9s du peuple libyen pour \n  l&rsquo;aider \u00e0 retrouver sa stabilit\u00e9, son progr\u00e8s et son bien-\u00eatre car il\n s\u2019agit d\u2019un processus libyen-libyen et le Maroc n&rsquo;a pr\u00e9sent\u00e9 aucune \nproposition ni m\u00eame une \n  recommandation, autre que d&rsquo;encourager les fr\u00e8res libyens \u00e0 s&rsquo;asseoir,\n \u00e0 parler et \u00e0 se focaliser sur la solution et non sur le processus.<\/p>\n\n\n\n<p>La\n position de principe de Sa Majest\u00e9 le Roi Mohammed VI est que la \nsolution ne peut exister que si elle est libyenne, politique et \ninclusive. Et surtout, elle ne devrait et ne pourrait pas \n  \u00eatre militaire.<\/p>\n\n\n\n<p>Il\n s\u2019agit d\u2019un processus libyen-libyen et le Maroc n&rsquo;a pr\u00e9sent\u00e9 aucune \nproposition ni m\u00eame une recommandation, autre que d&rsquo;encourager les \nlibyens \u00e0 s&rsquo;asseoir, \u00e0 parler et \u00e0 se focaliser sur \n  la solution et non sur le processus.<\/p>\n\n\n\n<p>L&rsquo;accueil\n par le Maroc de ces r\u00e9unions constitue une cons\u00e9cration de ses efforts \nvisant \u00e0 r\u00e9unir les conditions ad\u00e9quates et \u00e0 cr\u00e9er un climat propice \npour parvenir \u00e0 une solution politique \n  globale en Libye, afin de surmonter la crise dans ce pays et de \nr\u00e9aliser les espoirs et les aspirations du peuple libyen pour construire\n un ?tat civil et d\u00e9mocratique qui jouit de la paix, de la s\u00e9curit\u00e9 et \nde la stabilit\u00e9.<\/p>\n\n\n\n<p>A\n rappeler que la solution \u00e0 la crise libyenne repose sur trois principes\n fondamentaux, \u00e0 savoir le patriotisme libyen, la conviction que la \nsolution ne peut \u00eatre que politique et la confiance \n  \u00e0 l\u2019\u00e9gard des capacit\u00e9s du Haut Conseil d&rsquo;?tat libyen et de la Chambre\n des Repr\u00e9sentants libyenne, en tant qu\u2019institutions l\u00e9gitimes capables \nde surmonter les \u00e9preuves et d&rsquo;engager un dialogue dans l&rsquo;int\u00e9r\u00eat du \npays, en toute responsabilit\u00e9.<\/p>\n\n\n\n<p>De\n plus, le r\u00f4le constructif et actif du Maroc dans la facilitation du \ndialogue libyen a \u00e9t\u00e9 largement salu\u00e9 et appr\u00e9ci\u00e9 par les capitales \noccidentales et arabes et par plusieurs organisations \n  internationales et r\u00e9gionales, \u00e0 leur t\u00eate l&rsquo;Organisation des \nNations-Unies qui soutient toutes les initiatives qui permettraient de \nfaire progresser et de compl\u00e9ter les efforts de paix en cours pour la \nr\u00e9solution de la crise libyenne, y compris les derniers \n  efforts du Royaume du Maroc.<\/p>\n\n\n\n<p>L&rsquo;impasse\n peut \u00eatre d\u00e9pass\u00e9e si les ing\u00e9rences ext\u00e9rieures dans la crise libyenne\n cessent imm\u00e9diatement, notamment le flux d&rsquo;armes qui alimente le \nconflit, compromettant la s\u00e9curit\u00e9 de toute \n  la r\u00e9gion sah\u00e9lo-maghr\u00e9bine.<\/p>\n\n\n\n<p>Le Haut Conseil d&rsquo;Etat et le Parlement de Tobrouk ont d\u00e9j\u00e0 b\u00e9ni les compromis de Bouznika \n qui viennent de d\u00e9montrer que les Libyens \npeuvent surmonter leurs diff\u00e9rends quand on leur permet de r\u00e9soudre \nleurs probl\u00e8mes par eux-m\u00eames.<\/p>\n\n\n\n<p>Farid \n  Mnebhi.<\/p>\n","protected":false},"excerpt":{"rendered":"<p>Avec une journ\u00e9e de retard, en raison de calendrier diplomatique charg\u00e9, la d\u00e9l\u00e9gation du Haut Conseil d\u2019?tat Libyen, conduite par<\/p>\n","protected":false},"author":2,"featured_media":4370,"comment_status":"closed","ping_status":"closed","sticky":false,"template":"","format":"standard","meta":{"footnotes":""},"categories":[3,62,5],"tags":[],"class_list":["post-4424","post","type-post","status-publish","format-standard","has-post-thumbnail","hentry","category-accueil","category-afrique","category-maghreb-news"],"_links":{"self":[{"href":"http:\/\/anatem.info\/index.php?rest_route=\/wp\/v2\/posts\/4424","targetHints":{"allow":["GET"]}}],"collection":[{"href":"http:\/\/anatem.info\/index.php?rest_route=\/wp\/v2\/posts"}],"about":[{"href":"http:\/\/anatem.info\/index.php?rest_route=\/wp\/v2\/types\/post"}],"author":[{"embeddable":true,"href":"http:\/\/anatem.info\/index.php?rest_route=\/wp\/v2\/users\/2"}],"replies":[{"embeddable":true,"href":"http:\/\/anatem.info\/index.php?rest_route=%2Fwp%2Fv2%2Fcomments&post=4424"}],"version-history":[{"count":1,"href":"http:\/\/anatem.info\/index.php?rest_route=\/wp\/v2\/posts\/4424\/revisions"}],"predecessor-version":[{"id":4425,"href":"http:\/\/anatem.info\/index.php?rest_route=\/wp\/v2\/posts\/4424\/revisions\/4425"}],"wp:featuredmedia":[{"embeddable":true,"href":"http:\/\/anatem.info\/index.php?rest_route=\/wp\/v2\/media\/4370"}],"wp:attachment":[{"href":"http:\/\/anatem.info\/index.php?rest_route=%2Fwp%2Fv2%2Fmedia&parent=4424"}],"wp:term":[{"taxonomy":"category","embeddable":true,"href":"http:\/\/anatem.info\/index.php?rest_route=%2Fwp%2Fv2%2Fcategories&post=4424"},{"taxonomy":"post_tag","embeddable":true,"href":"http:\/\/anatem.info\/index.php?rest_route=%2Fwp%2Fv2%2Ftags&post=4424"}],"curies":[{"name":"wp","href":"https:\/\/api.w.org\/{rel}","templated":true}]}}