{"id":4550,"date":"2020-11-16T17:29:22","date_gmt":"2020-11-16T17:29:22","guid":{"rendered":"http:\/\/anatem.info\/?p=4550"},"modified":"2020-11-16T17:29:22","modified_gmt":"2020-11-16T17:29:22","slug":"la-condamnation-vigoureuse-des-actes-de-vandalisme-contre-le-consulat-general-du-maroc-a-valence-largement-soulignee-par-la-presse-espagnole","status":"publish","type":"post","link":"http:\/\/anatem.info\/?p=4550","title":{"rendered":"La condamnation vigoureuse des actes de vandalisme contre le consulat g\u00e9n\u00e9ral du Maroc \u00e0 Valence largement soulign\u00e9e par la presse espagnole"},"content":{"rendered":"\n<p>Madrid, le 16 novembre 2020 (MAP)  \u2013 Les m\u00e9dias espagnols ont largement soulign\u00e9 la r\u00e9action  vigoureuse de l\u2019Espagne aux actes de vandalisme perp\u00e9tr\u00e9s, dimanche, par  des individus commandit\u00e9s par le polisario contre le Consulat g\u00e9n\u00e9ral  du Maroc \u00e0 Valence.<\/p>\n\n\n\n<p>Le Gouvernement espagnol avait imm\u00e9diatement r\u00e9agi \u00e0 ces actes \nbarbares et promis l\u2019ouverture d\u2019une enqu\u00eate sur ces faits \ninqualifiables, relevaient lundi les m\u00e9dias espagnols.<\/p>\n\n\n\n<p>L\u2019Espagne \u201ccondamne cat\u00e9goriquement les actes commis dimanche par des\n participants \u00e0 un rassemblement devant le Consulat g\u00e9n\u00e9ral du Maroc \u00e0 \nValence\u201d, rapportaient plusieurs m\u00e9dias citant un communiqu\u00e9 du \nminist\u00e8re espagnol des Affaires ?trang\u00e8res.<\/p>\n\n\n\n<p>Les autorit\u00e9s espagnoles vont mener une enqu\u00eate pour \u201cclarifier ces \nfaits\u201d et ont promis de \u201cprendre toutes les mesures appropri\u00e9es pour \nassurer le respect de l\u2019int\u00e9grit\u00e9 et de l\u2019inviolabilit\u00e9 des missions \ndiplomatiques accr\u00e9dit\u00e9es dans notre pays\u201d.<\/p>\n\n\n\n<p>Les autorit\u00e9s locales de Valence ont \u00e9galement exprim\u00e9 leur \nsolidarit\u00e9 avec la repr\u00e9sentation consulaire marocaine dans cette ville \nde l\u2019Est de l\u2019Espagne, exprimant leur rejet cat\u00e9gorique de ces actes \n\u201cinacceptables\u201d.<\/p>\n\n\n\n<p>Toutefois, cette information de grande importance n\u2019a pas trouv\u00e9 gr\u00e2ce aux yeux de l\u2019Agence officielle fran\u00e7aise AFP.<\/p>\n\n\n\n<p>Au lieu de cela, elle consacre ce lundi matin une d\u00e9p\u00eache \ninhabituellement longue \u00e0 la riposte des FAR \u00e0 quelques tirs de \nharc\u00e8lements effectu\u00e9s par des \u00e9l\u00e9ments arm\u00e9s du polisario au niveau du \nmur de d\u00e9fense marocain.<\/p>\n\n\n\n<p>Une nouvelle fois encore, l\u2019AFP n\u2019a pas manqu\u00e9 l\u2019occasion de prouver \nqu\u2019elle est toujours prompte \u00e0 \u00e9pingler des faits insignifiants en \nrelation avec le Maroc.<\/p>\n","protected":false},"excerpt":{"rendered":"<p>Madrid, le 16 novembre 2020 (MAP) \u2013 Les m\u00e9dias espagnols ont largement soulign\u00e9 la r\u00e9action vigoureuse de l\u2019Espagne aux actes<\/p>\n","protected":false},"author":2,"featured_media":4545,"comment_status":"closed","ping_status":"closed","sticky":false,"template":"","format":"standard","meta":{"footnotes":""},"categories":[3,62,8],"tags":[],"class_list":["post-4550","post","type-post","status-publish","format-standard","has-post-thumbnail","hentry","category-accueil","category-afrique","category-provinces-du-sud"],"_links":{"self":[{"href":"http:\/\/anatem.info\/index.php?rest_route=\/wp\/v2\/posts\/4550","targetHints":{"allow":["GET"]}}],"collection":[{"href":"http:\/\/anatem.info\/index.php?rest_route=\/wp\/v2\/posts"}],"about":[{"href":"http:\/\/anatem.info\/index.php?rest_route=\/wp\/v2\/types\/post"}],"author":[{"embeddable":true,"href":"http:\/\/anatem.info\/index.php?rest_route=\/wp\/v2\/users\/2"}],"replies":[{"embeddable":true,"href":"http:\/\/anatem.info\/index.php?rest_route=%2Fwp%2Fv2%2Fcomments&post=4550"}],"version-history":[{"count":1,"href":"http:\/\/anatem.info\/index.php?rest_route=\/wp\/v2\/posts\/4550\/revisions"}],"predecessor-version":[{"id":4551,"href":"http:\/\/anatem.info\/index.php?rest_route=\/wp\/v2\/posts\/4550\/revisions\/4551"}],"wp:featuredmedia":[{"embeddable":true,"href":"http:\/\/anatem.info\/index.php?rest_route=\/wp\/v2\/media\/4545"}],"wp:attachment":[{"href":"http:\/\/anatem.info\/index.php?rest_route=%2Fwp%2Fv2%2Fmedia&parent=4550"}],"wp:term":[{"taxonomy":"category","embeddable":true,"href":"http:\/\/anatem.info\/index.php?rest_route=%2Fwp%2Fv2%2Fcategories&post=4550"},{"taxonomy":"post_tag","embeddable":true,"href":"http:\/\/anatem.info\/index.php?rest_route=%2Fwp%2Fv2%2Ftags&post=4550"}],"curies":[{"name":"wp","href":"https:\/\/api.w.org\/{rel}","templated":true}]}}