{"id":4630,"date":"2020-12-11T15:33:52","date_gmt":"2020-12-11T15:33:52","guid":{"rendered":"http:\/\/anatem.info\/?p=4630"},"modified":"2020-12-11T15:33:52","modified_gmt":"2020-12-11T15:33:52","slug":"entretien-du-roi-mohamed-vi-avec-le-president-donald-trump-communique-du-cabinet-royal","status":"publish","type":"post","link":"http:\/\/anatem.info\/?p=4630","title":{"rendered":"Entretien du Roi Mohamed VI avec le Pr\u00e9sident Donald Trump (Communiqu\u00e9 du cabinet Royal)"},"content":{"rendered":"\n<p>\u201cSa Majest\u00e9 le Roi Mohammed VI, que Dieu L\u2019assiste, a eu ce jour du 10 d\u00e9cembre 2020 un  entretien t\u00e9l\u00e9phonique avec Son Excellence M. Donald TRUMP, pr\u00e9sident  des ?tats-Unis d\u2019Am\u00e9rique.<\/p>\n\n\n\n<p>Cet entretien a \u00e9t\u00e9 l\u2019occasion pour les deux Chefs d\u2019?tat de se \nconcerter sur les questions r\u00e9gionales et internationales d\u2019int\u00e9r\u00eat \ncommun.<\/p>\n\n\n\n<p>Il a \u00e9t\u00e9 l\u2019occasion d\u2019annoncer la d\u00e9cision historique des ?tats Unis \nd\u2019Am\u00e9rique de reconna\u00eetre la marocanit\u00e9 pleine et enti\u00e8re du Royaume sur\n son Sahara.<\/p>\n\n\n\n<p>Cette d\u00e9cision est le fruit d\u2019intenses concertations sur le sujet entre les deux Chefs d\u2019?tat depuis plusieurs ann\u00e9es.<\/p>\n\n\n\n<p>En effet, le pr\u00e9sident Trump a promulgu\u00e9 le jour m\u00eame un d\u00e9cret \npr\u00e9sidentiel, avec ce que cet acte comporte comme force juridique et \npolitique ind\u00e9niable et \u00e0 effet imm\u00e9diat, portant sur la d\u00e9cision des \n?tats-Unis d\u2019Am\u00e9rique de reconnaitre, pour la premi\u00e8re fois de leur \nhistoire, la pleine souverainet\u00e9 du Royaume du Maroc sur l\u2019ensemble de \nla r\u00e9gion du Sahara Marocain.<\/p>\n\n\n\n<p>Dans ce cadre, et \u00e0 titre de premi\u00e8re concr\u00e9tisation de leur \ninitiative souveraine de haute importance, les ?tats-Unis d\u2019Am\u00e9rique ont\n d\u00e9cid\u00e9 l\u2019ouverture d\u2019un consulat \u00e0 Dakhla, \u00e0 vocation essentiellement \n\u00e9conomique, en vue d\u2019encourager les investissements am\u00e9ricains et la \ncontribution au d\u00e9veloppement \u00e9conomique et social, au profit notamment \ndes habitants des provinces du Sud.<\/p>\n\n\n\n<p>A cette occasion, le Souverain a exprim\u00e9, en Son Nom et au nom de \nl\u2019ensemble du peuple Marocain, au pr\u00e9sident am\u00e9ricain Sa profonde \ngratitude aux ?tats-Unis d\u2019Am\u00e9rique pour cette prise de position \nhistorique.<\/p>\n\n\n\n<p>Sa Majest\u00e9 Le Roi a \u00e9galement transmis Ses sinc\u00e8res remerciements au \npr\u00e9sident am\u00e9ricain et \u00e0 son \u00e9quipe pour ce soutien franc et sans \nambigu\u00eft\u00e9 \u00e0 la Marocanit\u00e9 du Sahara ; soutien qui renforce le \npartenariat strat\u00e9gique puissant entre les deux pays et le rehausse au \nniveau de v\u00e9ritable alliance qui englobe l\u2019ensemble des domaines.<\/p>\n\n\n\n<p>Sa Majest\u00e9 le Roi a soulign\u00e9 que bien que l\u2019occasion ne se soit pas \npr\u00e9sent\u00e9e pour rencontrer directement Son Excellence le Pr\u00e9sident, les \nconsultations et la coordination se sont poursuivies, en particulier \ndepuis la visite de Son Excellence M. Jared Kushner, Conseiller sp\u00e9cial \nde Son Excellence, en mai 2018, qui a \u00e9t\u00e9 d\u00e9cisive sur diff\u00e9rentes \nquestion, y compris ce sujet ; ainsi qu\u2019\u00e0 travers les contacts, \nl\u2019\u00e9change de d\u00e9l\u00e9gations et un certain nombre de visites non \nofficielles.<\/p>\n\n\n\n<p>Cette position constructive des ?tats-Unis d\u2019Am\u00e9rique vient renforcer\n la dynamique de la cons\u00e9cration de la marocanit\u00e9 du Sahara marocain, \nconfirm\u00e9e par les positions de soutien par un ensemble de pays amis, \nainsi que par les d\u00e9cisions de nombreux pays d\u2019ouvrir des consulats dans\n nos Provinces du sud.<\/p>\n\n\n\n<p>Elle intervient \u00e9galement apr\u00e8s l\u2019intervention d\u00e9cisive et efficace \ndes Forces Arm\u00e9es Royales, dans la zone de Guerguerat, afin de maintenir\n la s\u00e9curit\u00e9 et la stabilit\u00e9 dans cette partie du territoire marocain, \net d\u2019assurer la libre circulation des personnes et des biens avec les \npays fr\u00e8res africains.<\/p>\n\n\n\n<p>Au cours du m\u00eame entretien, Sa Majest\u00e9 le Roi et Son Excellence le \nPr\u00e9sident am\u00e9ricain ont \u00e9chang\u00e9 sur la situation actuelle dans la r\u00e9gion\n du Moyen-Orient.<\/p>\n\n\n\n<p>? cet \u00e9gard, Sa Majest\u00e9 le Roi a \u00e9voqu\u00e9 les positions constantes et \n\u00e9quilibr\u00e9es du Royaume du Maroc au sujet de la question palestinienne, \nsoulignant que le Maroc soutient une solution fond\u00e9e sur deux ?tats \nvivant c\u00f4te \u00e0 c\u00f4te dans la paix et la s\u00e9curit\u00e9, et que les n\u00e9gociations \nentre les parties palestinienne et isra\u00e9lienne restent le seul moyen de \nparvenir \u00e0 un r\u00e8glement d\u00e9finitif, durable et global de ce conflit.<\/p>\n\n\n\n<p>En sa qualit\u00e9 de Pr\u00e9sident du Comit\u00e9 Al-Qods, \u00e9manant de \nl\u2019Organisation de la Coop\u00e9ration Islamique, Sa Majest\u00e9 le Roi a soulign\u00e9\n la n\u00e9cessit\u00e9 de pr\u00e9server le statut sp\u00e9cial de cette ville. Le \nSouverain a \u00e9galement insist\u00e9 sur le respect de la libert\u00e9 de pratiquer \nles rites religieux pour les adeptes des trois religions monoth\u00e9istes, \nainsi que sur le respect du cachet musulman d\u2019Al-Qods Acharif et de la \nmosqu\u00e9e Al-Aqsa, conform\u00e9ment \u00e0 l\u2019appel d\u2019Al-Qods\/J\u00e9rusalem sign\u00e9 par Sa\n Majest\u00e9 le Roi, Commandeur des Croyants, et Sa Saintet\u00e9 le Pape \nFran\u00e7ois, lors de la visite de Sa Saintet\u00e9 \u00e0 Rabat le 30 mars 2019.<\/p>\n\n\n\n<p>Eu \u00e9gard au r\u00f4le historique que le Maroc a toujours jou\u00e9 dans le \nrapprochement des peuples de la r\u00e9gion et dans la promotion de la paix \net de la stabilit\u00e9 au Moyen-Orient, et compte tenu des liens sp\u00e9ciaux \nqui unissent la communaut\u00e9 juive d\u2019origine marocaine, y compris en \nIsra\u00ebl, \u00e0 la personne de Sa Majest\u00e9 le Roi, le Souverain a inform\u00e9 le \nPr\u00e9sident am\u00e9ricain que le Maroc entend :<\/p>\n\n\n\n<p>\u2013 Accorder les autorisations de vols directs pour le transport des \nmembres de la communaut\u00e9 juive marocaine et des touristes isra\u00e9liens en \nprovenance et \u00e0 destination du Maroc ;<\/p>\n\n\n\n<p>\u2013 Reprendre les contacts officiels avec les vis-\u00e0-vis et les relations diplomatiques dans les meilleures d\u00e9lais ;<\/p>\n\n\n\n<p>\u2013 Promouvoir des relations innovantes dans les domaines \u00e9conomique et\n technologique dont, \u00e0 cet effet, \u0153uvrer \u00e0 la r\u00e9ouverture des bureaux de\n liaison dans les deux pays, comme cela fut le cas ant\u00e9rieurement et \npendant plusieurs ann\u00e9es jusqu\u2019en 2002.<\/p>\n\n\n\n<p>Sa Majest\u00e9 le Roi a soulign\u00e9 que ces mesures n\u2019affectaient en aucune \nmani\u00e8re l\u2019engagement permanent et soutenu du Maroc en faveur de la cause\n palestinienne juste et sa d\u00e9termination \u00e0 continuer \u00e0 contribuer \nefficacement et de mani\u00e8re constructive \u00e0 une paix juste et durable au \nMoyen-Orient.<\/p>\n\n\n\n<p>Ensuite, Sa Majest\u00e9 le Roi et le Pr\u00e9sident am\u00e9ricain ont \u00e9voqu\u00e9 les \nefforts d\u00e9ploy\u00e9s pour r\u00e9soudre la crise au niveau du Conseil de \nCoop\u00e9ration du Golfe.<\/p>\n\n\n\n<p>? cet \u00e9gard, Sa Majest\u00e9 le Roi a exprim\u00e9 l\u2019espoir que les \nd\u00e9veloppements positifs enregistr\u00e9s conduisent \u00e0 la r\u00e9alisation de la \nr\u00e9conciliation souhait\u00e9e\u201d.<\/p>\n","protected":false},"excerpt":{"rendered":"<p>\u201cSa Majest\u00e9 le Roi Mohammed VI, que Dieu L\u2019assiste, a eu ce jour du 10 d\u00e9cembre 2020 un entretien t\u00e9l\u00e9phonique<\/p>\n","protected":false},"author":2,"featured_media":4631,"comment_status":"closed","ping_status":"closed","sticky":false,"template":"","format":"standard","meta":{"footnotes":""},"categories":[3,62,5,8],"tags":[],"class_list":["post-4630","post","type-post","status-publish","format-standard","has-post-thumbnail","hentry","category-accueil","category-afrique","category-maghreb-news","category-provinces-du-sud"],"_links":{"self":[{"href":"http:\/\/anatem.info\/index.php?rest_route=\/wp\/v2\/posts\/4630","targetHints":{"allow":["GET"]}}],"collection":[{"href":"http:\/\/anatem.info\/index.php?rest_route=\/wp\/v2\/posts"}],"about":[{"href":"http:\/\/anatem.info\/index.php?rest_route=\/wp\/v2\/types\/post"}],"author":[{"embeddable":true,"href":"http:\/\/anatem.info\/index.php?rest_route=\/wp\/v2\/users\/2"}],"replies":[{"embeddable":true,"href":"http:\/\/anatem.info\/index.php?rest_route=%2Fwp%2Fv2%2Fcomments&post=4630"}],"version-history":[{"count":1,"href":"http:\/\/anatem.info\/index.php?rest_route=\/wp\/v2\/posts\/4630\/revisions"}],"predecessor-version":[{"id":4632,"href":"http:\/\/anatem.info\/index.php?rest_route=\/wp\/v2\/posts\/4630\/revisions\/4632"}],"wp:featuredmedia":[{"embeddable":true,"href":"http:\/\/anatem.info\/index.php?rest_route=\/wp\/v2\/media\/4631"}],"wp:attachment":[{"href":"http:\/\/anatem.info\/index.php?rest_route=%2Fwp%2Fv2%2Fmedia&parent=4630"}],"wp:term":[{"taxonomy":"category","embeddable":true,"href":"http:\/\/anatem.info\/index.php?rest_route=%2Fwp%2Fv2%2Fcategories&post=4630"},{"taxonomy":"post_tag","embeddable":true,"href":"http:\/\/anatem.info\/index.php?rest_route=%2Fwp%2Fv2%2Ftags&post=4630"}],"curies":[{"name":"wp","href":"https:\/\/api.w.org\/{rel}","templated":true}]}}