{"id":4700,"date":"2021-01-12T14:54:02","date_gmt":"2021-01-12T14:54:02","guid":{"rendered":"http:\/\/anatem.info\/?p=4700"},"modified":"2021-01-12T14:54:02","modified_gmt":"2021-01-12T14:54:02","slug":"consulat-us-a-dakhla-une-confirmation-du-role-cle-du-maroc-pour-la-stabilite-et-la-prosperite-regionales-analyste-rwandais","status":"publish","type":"post","link":"http:\/\/anatem.info\/?p=4700","title":{"rendered":"Consulat US \u00e0 Dakhla, une confirmation du \u201cr\u00f4le cl\u00e9\u201d du Maroc pour la stabilit\u00e9 et la prosp\u00e9rit\u00e9 r\u00e9gionales (analyste rwandais)"},"content":{"rendered":"\n<p>Kigali, le 12 janvier 2021 (MAP)  \u2013 L\u2019inauguration attendue d\u2019un consulat am\u00e9ricain \u00e0 vocation  \u00e9conomique \u00e0 Dakhla et la visite au Sahara marocain d\u2019une d\u00e9l\u00e9gation  am\u00e9ricaine de haut niveau conduite par le sous-Secr\u00e9taire d\u2019Etat  am\u00e9ricain en charge des questions du Proche-Orient et de l\u2019Afrique du  Nord, David Schenker, confirment le \u201cr\u00f4le cl\u00e9\u201d du Maroc pour la  stabilit\u00e9 et la prosp\u00e9rit\u00e9 r\u00e9gionales, a affirm\u00e9 l\u2019analyste et directeur  du Centre rwandais des priorit\u00e9s \u00e9conomiques et politiques (CPEP),  Alexis Nkurunziza.<\/p>\n\n\n\n<p>\u201cL\u2019administration am\u00e9ricaine est consciente du r\u00f4le cl\u00e9 du Maroc pour\n la promotion de la paix au Moyen-Orient et le renforcement de la \nstabilit\u00e9 et le d\u00e9veloppement en Afrique, raison pour laquelle la \ncoop\u00e9ration entre les deux pays \u00e9volue, ces derni\u00e8res semaines, \u00e0 un \nrythme in\u00e9dit\u201d, a expliqu\u00e9 l\u2019analyste rwandais dans une d\u00e9claration \u00e0 la\n MAP.<\/p>\n\n\n\n<p>Depuis la reconnaissance, par Washington, de la souverainet\u00e9 pleine \net enti\u00e8re du Royaume sur son Sahara, chaque jour apporte une annonce \nhistorique : l\u2019ouverture pr\u00e9vue d\u2019une antenne diplomatique am\u00e9ricaine \u00e0 \nDakhla, l\u2019adoption officielle de la carte int\u00e9grale du Maroc, le \nrenforcement de la coop\u00e9ration militaire, les investissements am\u00e9ricains\n d\u2019envergures annonc\u00e9s au Sahara.., a-t-il fait remarquer, relevant que \n\u201cces succ\u00e8s diplomatiques successifs de Rabat est le couronnement d\u2019un \ntravail de longue haleine\u201d.<\/p>\n\n\n\n<p>Pour M. Nkurunziza, la visite des locaux du futur consulat g\u00e9n\u00e9ral \ndes Etats-Unis \u00e0 Dakhla par une d\u00e9l\u00e9gation am\u00e9ricaine de haut niveau \nacte la reconnaissance par Washington de la souverainet\u00e9 du Royaume sur \nle Sahara et refl\u00e8te la ferme d\u00e9termination am\u00e9ricaine de mettre un \nterme d\u00e9finitif au conflit artificiel autour du Sahara marocain.<\/p>\n\n\n\n<p>\u201cCe changement de cap sans pr\u00e9c\u00e9dent rend hommage aux initiatives \nprises par SM le Roi Mohammed VI pour la cons\u00e9cration et la d\u00e9fense de \nl\u2019int\u00e9grit\u00e9 territoriale du Maroc\u201d, a-t-il poursuivi, notant qu\u2019il \ns\u2019agit \u00e9galement du fruit de la strat\u00e9gie visionnaire du Souverain \nvisant \u00e0 mettre en place une r\u00e9gionalisation avanc\u00e9e, \u00e0 promouvoir les \ndroits de l\u2019Homme et \u00e0 acc\u00e9l\u00e9rer le d\u00e9veloppement socio-\u00e9conomique.<\/p>\n\n\n\n<p>Sur le plan \u00e9conomique, le directeur du CPEP a fait observer que le \nconsulat am\u00e9ricain \u00e0 vocation \u00e9conomique \u00e0 Dakhla fera du Sahara \nmarocain une base \u00e9conomique orient\u00e9e vers l\u2019Afrique et un hub de \ncroissance pour les entreprises am\u00e9ricaines, ajoutant que la position \ng\u00e9ographique avantageuse du Maroc lui conf\u00e8re le r\u00f4le de plateforme \nstrat\u00e9gique d\u2019\u00e9changes entre le Maroc et l\u2019Europe via l\u2019oc\u00e9an Atlantique\n d\u2019une part, et entre le Maroc et l\u2019Afrique subsaharienne via la \nMauritanie d\u2019autre part.<\/p>\n\n\n\n<p>D\u2019apr\u00e8s l\u2019analyste, \u201cil est clair que Washington compte sur le \nRoyaume et sur son r\u00f4le de leader \u00e9conomique r\u00e9gional pour se tailler \nune place sur le march\u00e9 africain, comme en t\u00e9moigne l\u2019ouverture \nprochaine d\u2019une antenne de la Soci\u00e9t\u00e9 am\u00e9ricaine de financement du \nd\u00e9veloppement international (DFC) dans la ville de Dakhla\u201d.<\/p>\n","protected":false},"excerpt":{"rendered":"<p>Kigali, le 12 janvier 2021 (MAP) \u2013 L\u2019inauguration attendue d\u2019un consulat am\u00e9ricain \u00e0 vocation \u00e9conomique \u00e0 Dakhla et la visite<\/p>\n","protected":false},"author":2,"featured_media":4701,"comment_status":"closed","ping_status":"closed","sticky":false,"template":"","format":"standard","meta":{"footnotes":""},"categories":[3,62,8],"tags":[],"class_list":["post-4700","post","type-post","status-publish","format-standard","has-post-thumbnail","hentry","category-accueil","category-afrique","category-provinces-du-sud"],"_links":{"self":[{"href":"http:\/\/anatem.info\/index.php?rest_route=\/wp\/v2\/posts\/4700","targetHints":{"allow":["GET"]}}],"collection":[{"href":"http:\/\/anatem.info\/index.php?rest_route=\/wp\/v2\/posts"}],"about":[{"href":"http:\/\/anatem.info\/index.php?rest_route=\/wp\/v2\/types\/post"}],"author":[{"embeddable":true,"href":"http:\/\/anatem.info\/index.php?rest_route=\/wp\/v2\/users\/2"}],"replies":[{"embeddable":true,"href":"http:\/\/anatem.info\/index.php?rest_route=%2Fwp%2Fv2%2Fcomments&post=4700"}],"version-history":[{"count":1,"href":"http:\/\/anatem.info\/index.php?rest_route=\/wp\/v2\/posts\/4700\/revisions"}],"predecessor-version":[{"id":4702,"href":"http:\/\/anatem.info\/index.php?rest_route=\/wp\/v2\/posts\/4700\/revisions\/4702"}],"wp:featuredmedia":[{"embeddable":true,"href":"http:\/\/anatem.info\/index.php?rest_route=\/wp\/v2\/media\/4701"}],"wp:attachment":[{"href":"http:\/\/anatem.info\/index.php?rest_route=%2Fwp%2Fv2%2Fmedia&parent=4700"}],"wp:term":[{"taxonomy":"category","embeddable":true,"href":"http:\/\/anatem.info\/index.php?rest_route=%2Fwp%2Fv2%2Fcategories&post=4700"},{"taxonomy":"post_tag","embeddable":true,"href":"http:\/\/anatem.info\/index.php?rest_route=%2Fwp%2Fv2%2Ftags&post=4700"}],"curies":[{"name":"wp","href":"https:\/\/api.w.org\/{rel}","templated":true}]}}