{"id":485,"date":"2013-09-12T14:57:51","date_gmt":"2013-09-12T14:57:51","guid":{"rendered":"http:\/\/anatem.info\/?p=485"},"modified":"2013-09-12T15:03:43","modified_gmt":"2013-09-12T15:03:43","slug":"sm-le-roi-preside-a-casablanca-une-seance-de-travail-consacree-a-lexamen-des-divers-volets-relatifs-a-la-problematique-de-limmigration-au-maroc-cabinet-royal","status":"publish","type":"post","link":"http:\/\/anatem.info\/?p=485","title":{"rendered":"SM le Roi pr\u00e9side \u00e0 Casablanca une s\u00e9ance de travail consacr\u00e9e \u00e0 l&rsquo;examen des divers volets relatifs \u00e0 la probl\u00e9matique de l&rsquo;immigration au Maroc (Cabinet Royal)"},"content":{"rendered":"<p><a href=\"http:\/\/anatem.info\/wp-content\/uploads\/2013\/09\/index.jpg\"><img fetchpriority=\"high\" decoding=\"async\" class=\"size-full wp-image-486 alignleft\" alt=\"index\" src=\"http:\/\/anatem.info\/wp-content\/uploads\/2013\/09\/index.jpg\" width=\"299\" height=\"169\" \/><\/a>Casablanca, 10 sept. 2013 (MAP) &#8211; Sa Majest\u00e9 le Roi Mohammed VI, que Dieu L&rsquo;assiste, a pr\u00e9sid\u00e9, mardi au Palais Royal de Casablanca, une s\u00e9ance de travail, en pr\u00e9sence du Chef du Gouvernement et de plusieurs ministres et hauts responsables, consacr\u00e9e \u00e0 l&rsquo;examen des divers volets relatifs \u00e0 la probl\u00e9matique de l&rsquo;immigration dans notre pays et ce, dans la perspective d&rsquo;\u00e9tablir une nouvelle politique migratoire globale dans le Royaume, indique un communiqu\u00e9 du Cabinet Royal.<\/p>\n<p>\u00ab\u00a0A cette occasion, Sa Majest\u00e9 le Roi a soulign\u00e9 que le Maroc est devenu une terre d&rsquo;accueil pour les migrants. Ainsi, a titre d&rsquo;illustration, le nombre d&rsquo;immigr\u00e9s issus des pays d&rsquo;Afrique Subsaharienne a quadrupl\u00e9\u00a0\u00bb, ajoute le communiqu\u00e9.<br \/>\n\u00ab\u00a0Le Maroc, a par ailleurs, connu r\u00e9cemment, sous l&rsquo;effet de la crise \u00e9conomique mondiale, une nouvelle forme d&rsquo;immigration provenant de pays comme l&rsquo;Espagne, la France et d&rsquo;autres pays europ\u00e9ens\u00a0\u00bb, note le communiqu\u00e9, soulignant que \u00ab\u00a0le Souverain a r\u00e9it\u00e9r\u00e9 la n\u00e9cessit\u00e9 de proc\u00e9der \u00e0 la r\u00e9gularisation de la situation de ces personnes en mati\u00e8re de r\u00e9sidence et d&rsquo;activit\u00e9s qu&rsquo;elles exercent, au m\u00eame titre que les immigr\u00e9s r\u00e9guliers des autres nationalit\u00e9s, dont les immigr\u00e9s subsahariens\u00a0\u00bb.<\/p>\n<p>Eu \u00e9gard aux conditions qui doivent \u00eatre r\u00e9unies pour le bon accueil des immigr\u00e9s en situation r\u00e9guli\u00e8re, notamment leur acc\u00e8s l\u00e9gal aux opportunit\u00e9s d&#8217;emploi, aux conditions de vie digne et d&rsquo;insertion \u00e9conomique et sociale, le Royaume du Maroc ne saurait accueillir tous les migrants qui souhaitent s&rsquo;y installer, souligne la m\u00eame source.<br \/>\nOr, le nombre d&rsquo;immigr\u00e9s en situation irr\u00e9guli\u00e8re connait une croissance notable, la plupart int\u00e9grant le territoire national depuis l&rsquo;Est et le Sud. De plus, certains groupes de migrants ill\u00e9gaux tentent des passages en force, ce qui engendre nombre de victimes parmi les forces de l&rsquo;ordre et les migrants, indique le communiqu\u00e9 du Cabinet Royal.<\/p>\n<p>\u00ab\u00a0Si la gestion op\u00e9rationnelle de la question de l&rsquo;immigration ill\u00e9gale conna\u00eet parfois certains exc\u00e8s, qui restent isol\u00e9s, il n&rsquo;y a pas d&rsquo;usage syst\u00e9matique de violence de la part des forces de l&rsquo;ordre et encore moins d&rsquo;acharnement. Partant, le Maroc refuse cat\u00e9goriquement toutes les all\u00e9gations fallacieuses qui tentent de porter atteinte \u00e0 sa r\u00e9putation\u00a0\u00bb, affirme le communiqu\u00e9.<\/p>\n<p>\u00ab\u00a0A cet \u00e9gard, rappelle la m\u00eame source, Sa Majest\u00e9 le Roi avait donn\u00e9, \u00e0 plusieurs reprises, Ses Hautes Instructions formelles aux autorit\u00e9s comp\u00e9tentes en vue de respecter les droits des migrants, de se conformer strictement \u00e0 la loi dans leur traitement, sans discrimination, et de fournir l&rsquo;assistance \u00e0 ceux qui souhaitent retourner dans leurs pays\u00a0\u00bb, affirmant que \u00ab\u00a0le Souverain a \u00e9galement insist\u00e9 sur la n\u00e9cessit\u00e9 de poursuivre sans rel\u00e2che la lutte contre les r\u00e9seaux de trafic et traite des \u00eatres humains\u00a0\u00bb.<\/p>\n<p>\u00ab\u00a0Au cours de cette m\u00eame s\u00e9ance, Sa Majest\u00e9 Le Roi a donn\u00e9 Ses Hautes Orientations au Gouvernement afin de proc\u00e9der, sans d\u00e9lais, \u00e0 l&rsquo;\u00e9laboration et la mise en place d&rsquo;une strat\u00e9gie et d&rsquo;un plan d&rsquo;action appropri\u00e9s, en coordination avec le CNDH et les diff\u00e9rents acteurs concern\u00e9s, dans la perspective de formuler une politique globale en mati\u00e8re d&rsquo;immigration\u00a0\u00bb, fait savoir le texte.<\/p>\n<p>\u00ab\u00a0Le Souverain indique que cet \u00e9lan permettra de doter le Royaume d&rsquo;une r\u00e9elle force de proposition et de lui allouer ainsi un r\u00f4le pro\u00e9minent et actif sur la sc\u00e8ne r\u00e9gionale et internationale en termes de gestion de la probl\u00e9matique globale de la migration\u00a0\u00bb, poursuit le communiqu\u00e9, soulignant que \u00ab\u00a0cette Initiative Royale, qui s&rsquo;inscrit dans le cadre de la tradition profonde d&rsquo;accueil du Royaume, illustre l&rsquo;implication constante du Souverain en faveur de la protection des droits de l&rsquo;Homme, conform\u00e9ment aux dispositions Constitutionnelles, aux exigences de l&rsquo;Etat de droit, et en accord avec les engagements internationaux du Maroc\u00a0\u00bb.<\/p>\n<p>Il est \u00e0 rappeler que cette s\u00e9ance de travail intervient au moment o\u00f9 le CNDH a produit et publi\u00e9 son rapport sur la situation des migrants et des r\u00e9fugi\u00e9s au Maroc.<\/p>\n<p>Ont assist\u00e9 \u00e0 cette s\u00e9ance de travail, M. Fouad Ali El Himma, Conseiller de Sa Majest\u00e9 le Roi, le ministre de l&rsquo;Int\u00e9rieur, le ministre de la Justice et des Libert\u00e9s, le ministre des Affaires Etrang\u00e8res et de la Coop\u00e9ration, le ministre d\u00e9l\u00e9gu\u00e9 aupr\u00e8s du ministre de l&rsquo;Int\u00e9rieur, monsieur Fadel Benyaich, charg\u00e9 de mission au Cabinet Royal et le secr\u00e9taire g\u00e9n\u00e9ral du d\u00e9partement de l&#8217;emploi.<\/p>\n<p>&nbsp;<\/p>\n","protected":false},"excerpt":{"rendered":"<p>Casablanca, 10 sept. 2013 (MAP) &#8211; Sa Majest\u00e9 le Roi Mohammed VI, que Dieu L&rsquo;assiste, a pr\u00e9sid\u00e9, mardi au Palais<\/p>\n","protected":false},"author":2,"featured_media":486,"comment_status":"open","ping_status":"open","sticky":false,"template":"","format":"standard","meta":{"footnotes":""},"categories":[3,7],"tags":[44,48,46,47],"class_list":["post-485","post","type-post","status-publish","format-standard","has-post-thumbnail","hentry","category-accueil","category-presse-marocaine","tag-cndh","tag-immigration","tag-migration","tag-sm-mohammed-vi"],"_links":{"self":[{"href":"http:\/\/anatem.info\/index.php?rest_route=\/wp\/v2\/posts\/485","targetHints":{"allow":["GET"]}}],"collection":[{"href":"http:\/\/anatem.info\/index.php?rest_route=\/wp\/v2\/posts"}],"about":[{"href":"http:\/\/anatem.info\/index.php?rest_route=\/wp\/v2\/types\/post"}],"author":[{"embeddable":true,"href":"http:\/\/anatem.info\/index.php?rest_route=\/wp\/v2\/users\/2"}],"replies":[{"embeddable":true,"href":"http:\/\/anatem.info\/index.php?rest_route=%2Fwp%2Fv2%2Fcomments&post=485"}],"version-history":[{"count":1,"href":"http:\/\/anatem.info\/index.php?rest_route=\/wp\/v2\/posts\/485\/revisions"}],"predecessor-version":[{"id":487,"href":"http:\/\/anatem.info\/index.php?rest_route=\/wp\/v2\/posts\/485\/revisions\/487"}],"wp:featuredmedia":[{"embeddable":true,"href":"http:\/\/anatem.info\/index.php?rest_route=\/wp\/v2\/media\/486"}],"wp:attachment":[{"href":"http:\/\/anatem.info\/index.php?rest_route=%2Fwp%2Fv2%2Fmedia&parent=485"}],"wp:term":[{"taxonomy":"category","embeddable":true,"href":"http:\/\/anatem.info\/index.php?rest_route=%2Fwp%2Fv2%2Fcategories&post=485"},{"taxonomy":"post_tag","embeddable":true,"href":"http:\/\/anatem.info\/index.php?rest_route=%2Fwp%2Fv2%2Ftags&post=485"}],"curies":[{"name":"wp","href":"https:\/\/api.w.org\/{rel}","templated":true}]}}