{"id":490,"date":"2013-09-14T14:19:16","date_gmt":"2013-09-14T14:19:16","guid":{"rendered":"http:\/\/anatem.info\/?p=490"},"modified":"2013-09-14T14:24:55","modified_gmt":"2013-09-14T14:24:55","slug":"maroc-mali-installation-dun-hopital-militaire-de-campagne-a-bamako-et-envoi-dune-aide-humanitaire-au-peuple-malien","status":"publish","type":"post","link":"http:\/\/anatem.info\/?p=490","title":{"rendered":"Maroc \/ Mali : Installation d&rsquo;un h\u00f4pital militaire de campagne \u00e0 Bamako et envoi d&rsquo;une aide humanitaire au peuple malien"},"content":{"rendered":"<p>Rabat, 13 sept. 2013 (MAP) &#8211; Sa Majest\u00e9 le Roi Mohammed VI, que Dieu L&rsquo;assiste, a donn\u00e9 Ses Hautes Instructions pour l&rsquo;installation d&rsquo;un h\u00f4pital militaire de campagne \u00e0 Bamako, capitale de la r\u00e9publique du Mali, ainsi que pour l&rsquo;envoi d&rsquo;une aide humanitaire au peuple malien fr\u00e8re.<\/p>\n<p>Une mission m\u00e9dicale sp\u00e9cialis\u00e9e sera incessamment d\u00e9ploy\u00e9e dans la capitale malienne et un soutien logistique et humanitaire y sera achemin\u00e9 par les moyens a\u00e9riens des Forces Arm\u00e9es Royales, en plusieurs rotations.<\/p>\n<p>Cette aide consistera en un h\u00f4pital militaire de campagne, ouvert \u00e0 toute la population et dot\u00e9 de plusieurs modules sp\u00e9cialis\u00e9s, de m\u00eame qu&rsquo;en un lot important de m\u00e9dicaments destin\u00e9 \u00e0 l&rsquo;ensemble de la population malienne, y compris les habitants du Nord.<\/p>\n<p>Cette Initiative Royale s&rsquo;inscrit dans le cadre de la solidarit\u00e9 agissante du Royaume \u00e0 l&rsquo;\u00e9gard des pays africains fr\u00e8res et du Mali particuli\u00e8rement avec lequel le Maroc entretient des relations s\u00e9culaires et privil\u00e9gi\u00e9es.<\/p>\n","protected":false},"excerpt":{"rendered":"<p>Rabat, 13 sept. 2013 (MAP) &#8211; Sa Majest\u00e9 le Roi Mohammed VI, que Dieu L&rsquo;assiste, a donn\u00e9 Ses Hautes Instructions<\/p>\n","protected":false},"author":2,"featured_media":0,"comment_status":"open","ping_status":"open","sticky":false,"template":"","format":"standard","meta":{"footnotes":""},"categories":[3,7],"tags":[],"class_list":["post-490","post","type-post","status-publish","format-standard","hentry","category-accueil","category-presse-marocaine"],"_links":{"self":[{"href":"http:\/\/anatem.info\/index.php?rest_route=\/wp\/v2\/posts\/490","targetHints":{"allow":["GET"]}}],"collection":[{"href":"http:\/\/anatem.info\/index.php?rest_route=\/wp\/v2\/posts"}],"about":[{"href":"http:\/\/anatem.info\/index.php?rest_route=\/wp\/v2\/types\/post"}],"author":[{"embeddable":true,"href":"http:\/\/anatem.info\/index.php?rest_route=\/wp\/v2\/users\/2"}],"replies":[{"embeddable":true,"href":"http:\/\/anatem.info\/index.php?rest_route=%2Fwp%2Fv2%2Fcomments&post=490"}],"version-history":[{"count":1,"href":"http:\/\/anatem.info\/index.php?rest_route=\/wp\/v2\/posts\/490\/revisions"}],"predecessor-version":[{"id":492,"href":"http:\/\/anatem.info\/index.php?rest_route=\/wp\/v2\/posts\/490\/revisions\/492"}],"wp:attachment":[{"href":"http:\/\/anatem.info\/index.php?rest_route=%2Fwp%2Fv2%2Fmedia&parent=490"}],"wp:term":[{"taxonomy":"category","embeddable":true,"href":"http:\/\/anatem.info\/index.php?rest_route=%2Fwp%2Fv2%2Fcategories&post=490"},{"taxonomy":"post_tag","embeddable":true,"href":"http:\/\/anatem.info\/index.php?rest_route=%2Fwp%2Fv2%2Ftags&post=490"}],"curies":[{"name":"wp","href":"https:\/\/api.w.org\/{rel}","templated":true}]}}