{"id":5026,"date":"2021-08-25T14:01:45","date_gmt":"2021-08-25T14:01:45","guid":{"rendered":"https:\/\/anatem.info\/?p=5026"},"modified":"2021-08-25T14:01:45","modified_gmt":"2021-08-25T14:01:45","slug":"le-maroc-prend-note-et-regrette-la-decision-unilaterale-et-completement-injustifiee-mais-attendue-des-autorites-algeriennes-de-rompre-les-relations-diplomatiques-avec-le-royaume","status":"publish","type":"post","link":"http:\/\/anatem.info\/?p=5026","title":{"rendered":"Le Maroc prend note et regrette la d\u00e9cision unilat\u00e9rale et \u201ccompl\u00e8tement injustifi\u00e9e mais attendue\u201d des autorit\u00e9s alg\u00e9riennes de rompre les relations diplomatiques avec le Royaume"},"content":{"rendered":"\n<p>Rabat, le 24 ao\u00fbt 2021 (MAP) &#8211; Le Royaume du Maroc a pris note de la d\u00e9cision unilat\u00e9rale des autorit\u00e9s alg\u00e9riennes, de rompre, \u00e0 partir de ce jour, les relations diplomatiques avec le Maroc, indique mardi soir le minist\u00e8re des Affaires \u00e9trang\u00e8res, de la Coop\u00e9ration africaine et des Marocains r\u00e9sidant \u00e0 l\u2019\u00e9tranger.<\/p>\n\n\n\n<p>Dans un communiqu\u00e9, le minist\u00e8re souligne que le Maroc regrette cette d\u00e9cision compl\u00e8tement injustifi\u00e9e mais attendue \u2013 au regard de la logique d\u2019escalade constat\u00e9e ces derni\u00e8res semaines \u2013 ainsi que son impact sur le peuple alg\u00e9rien.<\/p>\n\n\n\n<p>Le Maroc, ajoute la m\u00eame source, rejette cat\u00e9goriquement les pr\u00e9textes fallacieux, voire absurdes, qui la sous-tendent.<\/p>\n\n\n\n<p>Quant \u00e0 lui, le Royaume du Maroc restera un partenaire cr\u00e9dible et loyal pour le peuple alg\u00e9rien et continuera d\u2019agir, avec sagesse et responsabilit\u00e9, pour le d\u00e9veloppement de relations intermaghr\u00e9bines saines et fructueuses, rel\u00e8ve le communiqu\u00e9.<\/p>\n","protected":false},"excerpt":{"rendered":"<p>Rabat, le 24 ao\u00fbt 2021 (MAP) &#8211; Le Royaume du Maroc a pris note de la d\u00e9cision unilat\u00e9rale des autorit\u00e9s<\/p>\n","protected":false},"author":2,"featured_media":4880,"comment_status":"closed","ping_status":"closed","sticky":false,"template":"","format":"standard","meta":{"footnotes":""},"categories":[3,62,4,5,6,7,8],"tags":[],"class_list":["post-5026","post","type-post","status-publish","format-standard","has-post-thumbnail","hentry","category-accueil","category-afrique","category-competences-mre","category-maghreb-news","category-photo-videotheque","category-presse-marocaine","category-provinces-du-sud"],"_links":{"self":[{"href":"http:\/\/anatem.info\/index.php?rest_route=\/wp\/v2\/posts\/5026","targetHints":{"allow":["GET"]}}],"collection":[{"href":"http:\/\/anatem.info\/index.php?rest_route=\/wp\/v2\/posts"}],"about":[{"href":"http:\/\/anatem.info\/index.php?rest_route=\/wp\/v2\/types\/post"}],"author":[{"embeddable":true,"href":"http:\/\/anatem.info\/index.php?rest_route=\/wp\/v2\/users\/2"}],"replies":[{"embeddable":true,"href":"http:\/\/anatem.info\/index.php?rest_route=%2Fwp%2Fv2%2Fcomments&post=5026"}],"version-history":[{"count":1,"href":"http:\/\/anatem.info\/index.php?rest_route=\/wp\/v2\/posts\/5026\/revisions"}],"predecessor-version":[{"id":5027,"href":"http:\/\/anatem.info\/index.php?rest_route=\/wp\/v2\/posts\/5026\/revisions\/5027"}],"wp:featuredmedia":[{"embeddable":true,"href":"http:\/\/anatem.info\/index.php?rest_route=\/wp\/v2\/media\/4880"}],"wp:attachment":[{"href":"http:\/\/anatem.info\/index.php?rest_route=%2Fwp%2Fv2%2Fmedia&parent=5026"}],"wp:term":[{"taxonomy":"category","embeddable":true,"href":"http:\/\/anatem.info\/index.php?rest_route=%2Fwp%2Fv2%2Fcategories&post=5026"},{"taxonomy":"post_tag","embeddable":true,"href":"http:\/\/anatem.info\/index.php?rest_route=%2Fwp%2Fv2%2Ftags&post=5026"}],"curies":[{"name":"wp","href":"https:\/\/api.w.org\/{rel}","templated":true}]}}