{"id":5029,"date":"2021-08-29T17:22:19","date_gmt":"2021-08-29T17:22:19","guid":{"rendered":"https:\/\/anatem.info\/?p=5029"},"modified":"2021-08-29T17:22:19","modified_gmt":"2021-08-29T17:22:19","slug":"rupture-avec-le-maroc-tres-critique-en-interne-le-pouvoir-algerien-recourt-a-la-diversion-jeune-afrique","status":"publish","type":"post","link":"http:\/\/anatem.info\/?p=5029","title":{"rendered":"Rupture avec le Maroc : Tr\u00e8s critiqu\u00e9 en interne, le pouvoir alg\u00e9rien recourt \u00e0 la diversion (Jeune Afrique)"},"content":{"rendered":"\n<p>Paris, le 27 ao\u00fbt 2021 (MAP) \u2013 Tr\u00e8s critiqu\u00e9 en interne, le pouvoir alg\u00e9rien recourt \u00e0 la diversion en optant pour la rupture unilat\u00e9rale des relations diplomatiques avec le Maroc, affirme Jeune Afrique.<\/p>\n\n\n\n<p>\u201cTr\u00e8s critiqu\u00e9 en interne pour sa gestion d\u00e9ficiente des incendies de for\u00eats qui ont ravag\u00e9 une partie du pays et l\u2019ont contraint \u00e0 solliciter l\u2019aide de l\u2019ancien colonisateur (\u2026), le pouvoir alg\u00e9rien n\u2019\u00e9chappe pas \u00e0 la tentation, classique en pareille circonstance, de la diversion\u201d, souligne le magazine panafricain dans un d\u00e9cryptage du communiqu\u00e9 du ministre alg\u00e9rien des Affaires \u00e9trang\u00e8res annon\u00e7ant la rupture des relations diplomatiques avec le Maroc.<\/p>\n\n\n\n<p>Dans ce d\u00e9cryptage sign\u00e9 Fran\u00e7ois Soudan, Directeur de la r\u00e9daction de Jeune Afrique, sous le titre \u201cAlg\u00e9rie-Maroc : Ramtane Lamamra, pompier ou pyromane ?\u201d, le magazine se demande si \u201cl\u2019opinion alg\u00e9rienne va suivre son gouvernement (ou, plus exactement, son arm\u00e9e, tant il est \u00e9vident qu\u2019une telle d\u00e9cision n\u2019a pu se prendre sans l\u2019autorisation du chef d\u2019\u00e9tat-major de l\u2019ANP Sa\u00efd Chengriha), dans ce qui appara\u00eet comme une fuite en avant ?<\/p>\n\n\n\n<p>\u201cRien n\u2019est moins s\u00fbr\u201d, assure l\u2019auteur de ce d\u00e9cryptage.<\/p>\n\n\n\n<p>\u201cLa pr\u00e9c\u00e9dente rupture des relations diplomatiques (\u2026) entre les deux pays avait dur\u00e9 douze ans, de 1976 \u00e0 1988. Jusqu\u2019o\u00f9, cette fois, ira-t-on ?\u201d, s\u2019interroge l\u2019\u00e9ditorialiste en conclusion.<\/p>\n","protected":false},"excerpt":{"rendered":"<p>Paris, le 27 ao\u00fbt 2021 (MAP) \u2013 Tr\u00e8s critiqu\u00e9 en interne, le pouvoir alg\u00e9rien recourt \u00e0 la diversion en optant<\/p>\n","protected":false},"author":2,"featured_media":4850,"comment_status":"closed","ping_status":"closed","sticky":false,"template":"","format":"standard","meta":{"footnotes":""},"categories":[3,62,5],"tags":[],"class_list":["post-5029","post","type-post","status-publish","format-standard","has-post-thumbnail","hentry","category-accueil","category-afrique","category-maghreb-news"],"_links":{"self":[{"href":"http:\/\/anatem.info\/index.php?rest_route=\/wp\/v2\/posts\/5029","targetHints":{"allow":["GET"]}}],"collection":[{"href":"http:\/\/anatem.info\/index.php?rest_route=\/wp\/v2\/posts"}],"about":[{"href":"http:\/\/anatem.info\/index.php?rest_route=\/wp\/v2\/types\/post"}],"author":[{"embeddable":true,"href":"http:\/\/anatem.info\/index.php?rest_route=\/wp\/v2\/users\/2"}],"replies":[{"embeddable":true,"href":"http:\/\/anatem.info\/index.php?rest_route=%2Fwp%2Fv2%2Fcomments&post=5029"}],"version-history":[{"count":1,"href":"http:\/\/anatem.info\/index.php?rest_route=\/wp\/v2\/posts\/5029\/revisions"}],"predecessor-version":[{"id":5030,"href":"http:\/\/anatem.info\/index.php?rest_route=\/wp\/v2\/posts\/5029\/revisions\/5030"}],"wp:featuredmedia":[{"embeddable":true,"href":"http:\/\/anatem.info\/index.php?rest_route=\/wp\/v2\/media\/4850"}],"wp:attachment":[{"href":"http:\/\/anatem.info\/index.php?rest_route=%2Fwp%2Fv2%2Fmedia&parent=5029"}],"wp:term":[{"taxonomy":"category","embeddable":true,"href":"http:\/\/anatem.info\/index.php?rest_route=%2Fwp%2Fv2%2Fcategories&post=5029"},{"taxonomy":"post_tag","embeddable":true,"href":"http:\/\/anatem.info\/index.php?rest_route=%2Fwp%2Fv2%2Ftags&post=5029"}],"curies":[{"name":"wp","href":"https:\/\/api.w.org\/{rel}","templated":true}]}}