{"id":5031,"date":"2021-08-29T17:26:05","date_gmt":"2021-08-29T17:26:05","guid":{"rendered":"https:\/\/anatem.info\/?p=5031"},"modified":"2021-08-29T17:26:05","modified_gmt":"2021-08-29T17:26:05","slug":"a-travers-la-rupture-avec-le-maroc-lalgerie-ne-fait-que-poursuivre-son-agenda-de-soutien-au-separatisme","status":"publish","type":"post","link":"http:\/\/anatem.info\/?p=5031","title":{"rendered":"A travers la rupture avec le Maroc, l\u2019Alg\u00e9rie ne fait que poursuivre son agenda de soutien au s\u00e9paratisme"},"content":{"rendered":"\n<p>Asunci?n, le 27 ao\u00fbt 2021 (MAP) \u2013 A travers la rupture des relations diplomatiques avec le Maroc, \u201cl\u2019Alg\u00e9rie ne fait que poursuivre son agenda de soutien au s\u00e9paratisme du polisario\u201d, a indiqu\u00e9 l\u2019analyste politique paraguayen, Ignacio Martinez.<\/p>\n\n\n\n<p>\u201cL\u2019Alg\u00e9rie, principal soutien du front s\u00e9paratiste du polisario, n\u2019a jamais cherch\u00e9 un dialogue sinc\u00e8re. Elle est rest\u00e9e otage de l\u2019agenda de la guerre froide\u201d, a-t-il fait observer dans une d\u00e9claration \u00e0 la MAP.<\/p>\n\n\n\n<p>C\u2019est dans ce sillage, a enchain\u00e9 l\u2019expert en affaires maghr\u00e9bines, que l\u2019Alg\u00e9rie a rompu les relations diplomatiques avec le Maroc, car tous les arguments suppos\u00e9s qu\u2019elle utilise sont de \u201csimples pr\u00e9textes, d\u00e9nu\u00e9s de toute logique, pour contester la l\u00e9gitimit\u00e9 de la souverainet\u00e9 du Royaume sur ses provinces du sud\u201d.<\/p>\n\n\n\n<p>Selon l\u2019\u00e9minent journaliste et \u00e9crivain paraguayen, l\u2019Alg\u00e9rie cherche, avec cette d\u00e9cision, \u00e0 entraver toute solution durable bas\u00e9e sur le dialogue au sein de la communaut\u00e9 international, dont le soutien est de plus en plus explicite \u00e0 la pleine int\u00e9grit\u00e9 territoriale du Maroc. \u201cCe serait na\u00eff d\u2019appr\u00e9hender la d\u00e9cision alg\u00e9rienne en dehors de cette r\u00e9alit\u00e9\u201d, a-t-il tranch\u00e9.<\/p>\n\n\n\n<p>Pour M. Ignacio Martinez, l\u2019Europe voisine, l\u2019Espagne en particulier, ainsi que toute la communaut\u00e9 internationale \u201cdoivent comprendre que le Maroc est le partenaire fiable pour la s\u00e9curit\u00e9, la paix et la lutte contre le terrorisme dans le Grand Maghreb\u201d.<\/p>\n\n\n\n<p>\u201cCeux qui dirigent l\u2019Alg\u00e9rie doivent valoriser la n\u00e9gociation et le dialogue. Ils doivent comprendre que la principale menace c\u2019est la chute du prix du p\u00e9trole et la crise \u00e9conomique que le r\u00e9gime fait subir au peuple alg\u00e9rien\u201d, a-t-il d\u00e9plor\u00e9.<\/p>\n\n\n\n<p>L\u2019expert paraguayen a fait observer qu\u2019\u00e0 la diff\u00e9rence de l\u2019Alg\u00e9rie, \u201cle Maroc, dans ce diff\u00e9rend artificiel, jouit du plein soutien de pays d\u00e9mocratiques, dont les ?tats-Unis, qui ont reconnu la souverainet\u00e9 du Maroc sur le Sahara\u201d.<\/p>\n\n\n\n<p>L\u2019Alg\u00e9rie, elle, \u201coeuvre \u00e0 l\u2019encontre de la paix. Ses dirigeants doivent retrouver la raison, car cette rupture des relations diplomatiques avec le Maroc est un nouveau geste clairement voulu en faveur des prot\u00e9g\u00e9s de l\u2019Alg\u00e9rie, les s\u00e9paratistes du polisario, dans le cadre d\u2019un effort vain d\u2019attenter \u00e0 l\u2019int\u00e9grit\u00e9 territoriale du Maroc\u201d, a conclu l\u2019expert paraguayen, qui a publi\u00e9 fin 2020 un livre intitul\u00e9 \u201cRegard latino-am\u00e9ricain sur le Sahara marocain\u201d.<\/p>\n","protected":false},"excerpt":{"rendered":"<p>Asunci?n, le 27 ao\u00fbt 2021 (MAP) \u2013 A travers la rupture des relations diplomatiques avec le Maroc, \u201cl\u2019Alg\u00e9rie ne fait<\/p>\n","protected":false},"author":2,"featured_media":5032,"comment_status":"closed","ping_status":"closed","sticky":false,"template":"","format":"standard","meta":{"footnotes":""},"categories":[3,62,8],"tags":[],"class_list":["post-5031","post","type-post","status-publish","format-standard","has-post-thumbnail","hentry","category-accueil","category-afrique","category-provinces-du-sud"],"_links":{"self":[{"href":"http:\/\/anatem.info\/index.php?rest_route=\/wp\/v2\/posts\/5031","targetHints":{"allow":["GET"]}}],"collection":[{"href":"http:\/\/anatem.info\/index.php?rest_route=\/wp\/v2\/posts"}],"about":[{"href":"http:\/\/anatem.info\/index.php?rest_route=\/wp\/v2\/types\/post"}],"author":[{"embeddable":true,"href":"http:\/\/anatem.info\/index.php?rest_route=\/wp\/v2\/users\/2"}],"replies":[{"embeddable":true,"href":"http:\/\/anatem.info\/index.php?rest_route=%2Fwp%2Fv2%2Fcomments&post=5031"}],"version-history":[{"count":1,"href":"http:\/\/anatem.info\/index.php?rest_route=\/wp\/v2\/posts\/5031\/revisions"}],"predecessor-version":[{"id":5033,"href":"http:\/\/anatem.info\/index.php?rest_route=\/wp\/v2\/posts\/5031\/revisions\/5033"}],"wp:featuredmedia":[{"embeddable":true,"href":"http:\/\/anatem.info\/index.php?rest_route=\/wp\/v2\/media\/5032"}],"wp:attachment":[{"href":"http:\/\/anatem.info\/index.php?rest_route=%2Fwp%2Fv2%2Fmedia&parent=5031"}],"wp:term":[{"taxonomy":"category","embeddable":true,"href":"http:\/\/anatem.info\/index.php?rest_route=%2Fwp%2Fv2%2Fcategories&post=5031"},{"taxonomy":"post_tag","embeddable":true,"href":"http:\/\/anatem.info\/index.php?rest_route=%2Fwp%2Fv2%2Ftags&post=5031"}],"curies":[{"name":"wp","href":"https:\/\/api.w.org\/{rel}","templated":true}]}}