{"id":5036,"date":"2021-09-12T17:12:32","date_gmt":"2021-09-12T17:12:32","guid":{"rendered":"https:\/\/anatem.info\/?p=5036"},"modified":"2021-09-12T17:12:32","modified_gmt":"2021-09-12T17:12:32","slug":"taux-de-participation-eleve-les-habitants-du-sahara-font-entendre-leur-voix-pour-construire-lavenir-du-maroc-analyste-americain","status":"publish","type":"post","link":"http:\/\/anatem.info\/?p=5036","title":{"rendered":"Taux de participation \u00e9lev\u00e9: les habitants du Sahara font entendre leur voix pour construire l\u2019avenir du Maroc (analyste am\u00e9ricain)"},"content":{"rendered":"\n<p>Washington \u2013 L\u2019analyste am\u00e9ricain et fin connaisseur du Maghreb, Calvin Dark, a estim\u00e9 que la participation massive des populations des provinces du Sud aux \u00e9lections de mercredi attestent qu\u2019ils ont \u201cune voix \u00e0 faire entendre dans le processus d\u00e9mocratique et s\u2019en servent pour aider \u00e0 fa\u00e7onner l\u2019avenir du Maroc\u201d, regrettant que les s\u00e9questr\u00e9s de Tindouf sur le territoire alg\u00e9rien ne disposent ni du pouvoir de s\u2019exprimer ni de d\u00e9cider de leur sort.<\/p>\n\n\n\n<p>\u201cLe taux de participation le plus \u00e9lev\u00e9 au niveau national enregistr\u00e9 dans les provinces du Sud d\u00e9montre deux choses: la premi\u00e8re est que ceux qui vivent au Sahara ont une voix dans le processus d\u00e9mocratique et la seconde est que ces citoyens sont d\u00e9termin\u00e9s \u00e0 utiliser leur voix pour aider \u00e0 fa\u00e7onner l\u2019avenir du Maroc\u201d, a indiqu\u00e9 M. Dark dans une d\u00e9claration \u00e0 la MAP \u00e0 Washington.<\/p>\n\n\n\n<p>\u201cC\u2019est une injustice que les Sahraouis d\u00e9tenus dans les camps du polisario en Alg\u00e9rie n\u2019aient pas cette voix ou le pouvoir de l\u2019utiliser pour fa\u00e7onner leur propre avenir\u201d, a-t-il d\u00e9plor\u00e9.<\/p>\n\n\n\n<p>Avec un taux de participation de 66,94% \u00e0 La\u00e2youne-Sakia El Hamra, 63,76% \u00e0 Guelmim-Oued Noun et 58,30% \u00e0 Dakhla-Oued Eddahab, ces trois r\u00e9gions des provinces du Sud du Royaume d\u00e9passent largement le taux de 50,18% enregistr\u00e9 \u00e0 l\u2019\u00e9chelle nationale durant ce triple scrutin, selon les chiffres communiqu\u00e9s par le minist\u00e8re de l\u2019Int\u00e9rieur.<\/p>\n\n\n\n<p>Commentant les r\u00e9sultats de ces \u00e9lections, l\u2019analyste am\u00e9ricain a estim\u00e9 que \u201ctant de choses ont chang\u00e9 au Maroc, dans la r\u00e9gion et dans le monde depuis 2011\u201d lorsque le PJD a pris les commandes du gouvernement.<\/p>\n\n\n\n<p>\u201cLa dynamique, la politique et les circonstances qui ont contribu\u00e9 \u00e0 rendre le PJD attractifs pour les \u00e9lecteurs il y a dix ans ne sont pas les m\u00eames en 2021\u201d, selon lui.<\/p>\n\n\n\n<p>Et d\u2019ajouter qu\u2019\u201dau Maroc, aux ?tats-Unis ou dans toute autre d\u00e9mocratie dans le monde, les partis doivent proposer des politiques et une vision qui plaisent aux \u00e9lecteurs \u2013 et s\u2019ils ne le font pas, les \u00e9lecteurs voteront pour les partis politiques qui le font\u201d.<\/p>\n\n\n\n<p>\u201cLe test sera d\u00e9sormais pour les partis lib\u00e9raux de concr\u00e9tiser leur vision et de ne pas perdre le contact avec les \u00e9lecteurs et leurs aspirations\u201d, a indiqu\u00e9 le pr\u00e9sident et co-fondateur du centre RC Communications bas\u00e9 \u00e0 Washington.<\/p>\n","protected":false},"excerpt":{"rendered":"<p>Washington \u2013 L\u2019analyste am\u00e9ricain et fin connaisseur du Maghreb, Calvin Dark, a estim\u00e9 que la participation massive des populations des<\/p>\n","protected":false},"author":2,"featured_media":5037,"comment_status":"closed","ping_status":"closed","sticky":false,"template":"","format":"standard","meta":{"footnotes":""},"categories":[3,62,4,5,6,7,8],"tags":[],"class_list":["post-5036","post","type-post","status-publish","format-standard","has-post-thumbnail","hentry","category-accueil","category-afrique","category-competences-mre","category-maghreb-news","category-photo-videotheque","category-presse-marocaine","category-provinces-du-sud"],"_links":{"self":[{"href":"http:\/\/anatem.info\/index.php?rest_route=\/wp\/v2\/posts\/5036","targetHints":{"allow":["GET"]}}],"collection":[{"href":"http:\/\/anatem.info\/index.php?rest_route=\/wp\/v2\/posts"}],"about":[{"href":"http:\/\/anatem.info\/index.php?rest_route=\/wp\/v2\/types\/post"}],"author":[{"embeddable":true,"href":"http:\/\/anatem.info\/index.php?rest_route=\/wp\/v2\/users\/2"}],"replies":[{"embeddable":true,"href":"http:\/\/anatem.info\/index.php?rest_route=%2Fwp%2Fv2%2Fcomments&post=5036"}],"version-history":[{"count":1,"href":"http:\/\/anatem.info\/index.php?rest_route=\/wp\/v2\/posts\/5036\/revisions"}],"predecessor-version":[{"id":5038,"href":"http:\/\/anatem.info\/index.php?rest_route=\/wp\/v2\/posts\/5036\/revisions\/5038"}],"wp:featuredmedia":[{"embeddable":true,"href":"http:\/\/anatem.info\/index.php?rest_route=\/wp\/v2\/media\/5037"}],"wp:attachment":[{"href":"http:\/\/anatem.info\/index.php?rest_route=%2Fwp%2Fv2%2Fmedia&parent=5036"}],"wp:term":[{"taxonomy":"category","embeddable":true,"href":"http:\/\/anatem.info\/index.php?rest_route=%2Fwp%2Fv2%2Fcategories&post=5036"},{"taxonomy":"post_tag","embeddable":true,"href":"http:\/\/anatem.info\/index.php?rest_route=%2Fwp%2Fv2%2Ftags&post=5036"}],"curies":[{"name":"wp","href":"https:\/\/api.w.org\/{rel}","templated":true}]}}