{"id":5236,"date":"2022-02-01T15:29:40","date_gmt":"2022-02-01T15:29:40","guid":{"rendered":"https:\/\/anatem.info\/?p=5236"},"modified":"2022-02-01T15:29:40","modified_gmt":"2022-02-01T15:29:40","slug":"sahara-marocain-autonomie-developpement-et-stabilite-de-la-region-pierre-angulaire-dun-nouveau-cadre-de-legalite-et-de-reconnaissance-mutuelle-think-tank-italien","status":"publish","type":"post","link":"http:\/\/anatem.info\/?p=5236","title":{"rendered":"Sahara marocain: Autonomie, d\u00e9veloppement et stabilit\u00e9 de la r\u00e9gion,  pierre angulaire d\u2019un nouveau cadre de l\u00e9galit\u00e9 et de reconnaissance  mutuelle (Think Tank italien)"},"content":{"rendered":"\n<p>Rome, le 31 janvier 2022 (MAP) \u2013 Dans le contexte de la dynamique en cours au Sahara marocain, avec la reconnaissance am\u00e9ricaine, la nouvelle position de l\u2019Allemagne et le r\u00f4le positif de l\u2019Italie, l\u2019autonomie, le d\u00e9veloppement et la stabilit\u00e9 de la r\u00e9gion doivent \u00eatre la pierre angulaire d\u2019un nouveau cadre de l\u00e9galit\u00e9 et de reconnaissance mutuelle, estime le Centre italien des \u00e9tudes internationales.<\/p>\n\n\n\n<p>Dans une analyse sur le conflit opposant l\u2019Alg\u00e9rie et le Maroc autour du Sahara marocain, le think tank italien estime que la solution aux tensions politiques autour de cette question passera par l\u2019autonomie qui garantira les droits collectifs et individuels des populations sahraouies, appuy\u00e9e par des projets ambitieux d\u2019int\u00e9gration \u00e9conomique et sociale.<\/p>\n\n\n\n<p>Pour le think tank italien, \u201cce projet pourrait repr\u00e9senter le bon point de rencontre entre les int\u00e9r\u00eats et les attentes de toutes les parties concern\u00e9es, \u00e0 condition que nous nous engagions \u2013 selon les mots du secr\u00e9taire g\u00e9n\u00e9ral des Nations unies Ant?nio Guterres \u2013 avec r\u00e9alisme et esprit de compromis\u201d.<\/p>\n\n\n\n<p>Dans ce contexte, le centre italien des \u00e9tudes internationales note que les initiatives diplomatiques constituent la seule voie pour r\u00e9soudre ce conflit r\u00e9gional qui n\u2019a que trop dur\u00e9, citant comme \u201cfaits pertinents\u201d : \u201cla nouvelle posture allemande sur le plan d\u2019autonomie de la r\u00e9gion pr\u00e9sent\u00e9 par le Maroc en 2007 et d\u00e9fini par la nouvelle ministre f\u00e9d\u00e9rale des Affaires \u00e9trang\u00e8res Annalena Baerbock comme une contribution importante vers un accord de paix, et le r\u00f4le de l\u2019Italie qui, en son style silencieux, a maintenu fermes et constants les canaux de communication avec les autorit\u00e9s alg\u00e9riennes et marocaines\u201d.<\/p>\n\n\n\n<p>Selon le think tank italien, \u201cl\u2019activit\u00e9 diplomatique de l\u2019Allemagne et de l\u2019Italie pourrait avoir un effet stabilisateur extraordinaire sur la crise et renforcer la nouvelle mission de Staffan de Mistura, nomm\u00e9 envoy\u00e9 personnel du secr\u00e9taire g\u00e9n\u00e9ral des Nations unies, Ant?nio Guterres, pour le Sahara\u201d.<\/p>\n\n\n\n<p>Rappelant la premi\u00e8re tourn\u00e9e effectu\u00e9e par ce dernier aupr\u00e8s des parties, le centre italien des \u00e9tudes internationales estime que \u201cce voyage a permis aux parties d\u2019analyser les opportunit\u00e9s garanties par la proposition de 2007 sur l\u2019autonomie de la r\u00e9gion qui peut repr\u00e9senter une base de discussion pr\u00e9liminaire int\u00e9ressante pour ensuite avancer sur leurs positions et raisons respectives\u201d.<\/p>\n","protected":false},"excerpt":{"rendered":"<p>Rome, le 31 janvier 2022 (MAP) \u2013 Dans le contexte de la dynamique en cours au Sahara marocain, avec la<\/p>\n","protected":false},"author":2,"featured_media":4280,"comment_status":"closed","ping_status":"closed","sticky":false,"template":"","format":"standard","meta":{"footnotes":""},"categories":[3,62,8],"tags":[],"class_list":["post-5236","post","type-post","status-publish","format-standard","has-post-thumbnail","hentry","category-accueil","category-afrique","category-provinces-du-sud"],"_links":{"self":[{"href":"http:\/\/anatem.info\/index.php?rest_route=\/wp\/v2\/posts\/5236","targetHints":{"allow":["GET"]}}],"collection":[{"href":"http:\/\/anatem.info\/index.php?rest_route=\/wp\/v2\/posts"}],"about":[{"href":"http:\/\/anatem.info\/index.php?rest_route=\/wp\/v2\/types\/post"}],"author":[{"embeddable":true,"href":"http:\/\/anatem.info\/index.php?rest_route=\/wp\/v2\/users\/2"}],"replies":[{"embeddable":true,"href":"http:\/\/anatem.info\/index.php?rest_route=%2Fwp%2Fv2%2Fcomments&post=5236"}],"version-history":[{"count":1,"href":"http:\/\/anatem.info\/index.php?rest_route=\/wp\/v2\/posts\/5236\/revisions"}],"predecessor-version":[{"id":5238,"href":"http:\/\/anatem.info\/index.php?rest_route=\/wp\/v2\/posts\/5236\/revisions\/5238"}],"wp:featuredmedia":[{"embeddable":true,"href":"http:\/\/anatem.info\/index.php?rest_route=\/wp\/v2\/media\/4280"}],"wp:attachment":[{"href":"http:\/\/anatem.info\/index.php?rest_route=%2Fwp%2Fv2%2Fmedia&parent=5236"}],"wp:term":[{"taxonomy":"category","embeddable":true,"href":"http:\/\/anatem.info\/index.php?rest_route=%2Fwp%2Fv2%2Fcategories&post=5236"},{"taxonomy":"post_tag","embeddable":true,"href":"http:\/\/anatem.info\/index.php?rest_route=%2Fwp%2Fv2%2Ftags&post=5236"}],"curies":[{"name":"wp","href":"https:\/\/api.w.org\/{rel}","templated":true}]}}