{"id":5306,"date":"2022-03-21T16:38:52","date_gmt":"2022-03-21T16:38:52","guid":{"rendered":"https:\/\/anatem.info\/?p=5306"},"modified":"2022-03-21T16:39:15","modified_gmt":"2022-03-21T16:39:15","slug":"5306","status":"publish","type":"post","link":"http:\/\/anatem.info\/?p=5306","title":{"rendered":"Sahara marocain: La France r\u00e9it\u00e8re son soutien au plan d\u2019autonomie comme \u201cbase s\u00e9rieuse et cr\u00e9dible\u201d"},"content":{"rendered":"\n<p>Paris, le 21 mars 2022 (MAP) \u2013 La France a r\u00e9it\u00e9r\u00e9, lundi, son soutien au plan d\u2019autonomie marocain comme \u201cbase de discussions s\u00e9rieuse et cr\u00e9dible\u201d pour la r\u00e9solution du diff\u00e9rend autour du Sahara marocain.<\/p>\n\n\n\n<p>La position de la France concernant le Sahara est \u201cconstante, en faveur d\u2019une solution politique juste, durable et mutuellement acceptable, conform\u00e9ment aux r\u00e9solutions du Conseil de s\u00e9curit\u00e9 des Nations unies. Dans cette perspective, le plan d\u2019autonomie marocain est une base de discussions s\u00e9rieuse et cr\u00e9dible\u201d, a d\u00e9clar\u00e9 la porte-parole du Quai d\u2019Orsay.<\/p>\n\n\n\n<p>Cette d\u00e9claration intervient apr\u00e8s l\u2019adoption par l\u2019Espagne d\u2019une position officielle reconnaissant que l\u2019initiative marocaine d\u2019autonomie est la base la plus s\u00e9rieuse, r\u00e9aliste et cr\u00e9dible pour la r\u00e9solution du diff\u00e9rend sur le Sahara marocain.<\/p>\n\n\n\n<p>Elle intervient \u00e9galement apr\u00e8s les d\u00e9veloppements positifs ayant marqu\u00e9 les relations entre le Maroc et l\u2019Espagne.<\/p>\n\n\n\n<p>\u201cLa France est attach\u00e9e aux bonnes relations entre ses partenaires europ\u00e9ens et ses voisins de la rive sud de la M\u00e9diterran\u00e9e. C\u2019est par le dialogue que les d\u00e9fis communs pourront \u00eatre surmont\u00e9s\u201d, a soulign\u00e9 la porte-parole de la diplomatie fran\u00e7aise.<\/p>\n","protected":false},"excerpt":{"rendered":"<p>Paris, le 21 mars 2022 (MAP) \u2013 La France a r\u00e9it\u00e9r\u00e9, lundi, son soutien au plan d\u2019autonomie marocain comme \u201cbase<\/p>\n","protected":false},"author":2,"featured_media":3954,"comment_status":"closed","ping_status":"closed","sticky":false,"template":"","format":"standard","meta":{"footnotes":""},"categories":[3,62,8],"tags":[],"class_list":["post-5306","post","type-post","status-publish","format-standard","has-post-thumbnail","hentry","category-accueil","category-afrique","category-provinces-du-sud"],"_links":{"self":[{"href":"http:\/\/anatem.info\/index.php?rest_route=\/wp\/v2\/posts\/5306","targetHints":{"allow":["GET"]}}],"collection":[{"href":"http:\/\/anatem.info\/index.php?rest_route=\/wp\/v2\/posts"}],"about":[{"href":"http:\/\/anatem.info\/index.php?rest_route=\/wp\/v2\/types\/post"}],"author":[{"embeddable":true,"href":"http:\/\/anatem.info\/index.php?rest_route=\/wp\/v2\/users\/2"}],"replies":[{"embeddable":true,"href":"http:\/\/anatem.info\/index.php?rest_route=%2Fwp%2Fv2%2Fcomments&post=5306"}],"version-history":[{"count":2,"href":"http:\/\/anatem.info\/index.php?rest_route=\/wp\/v2\/posts\/5306\/revisions"}],"predecessor-version":[{"id":5308,"href":"http:\/\/anatem.info\/index.php?rest_route=\/wp\/v2\/posts\/5306\/revisions\/5308"}],"wp:featuredmedia":[{"embeddable":true,"href":"http:\/\/anatem.info\/index.php?rest_route=\/wp\/v2\/media\/3954"}],"wp:attachment":[{"href":"http:\/\/anatem.info\/index.php?rest_route=%2Fwp%2Fv2%2Fmedia&parent=5306"}],"wp:term":[{"taxonomy":"category","embeddable":true,"href":"http:\/\/anatem.info\/index.php?rest_route=%2Fwp%2Fv2%2Fcategories&post=5306"},{"taxonomy":"post_tag","embeddable":true,"href":"http:\/\/anatem.info\/index.php?rest_route=%2Fwp%2Fv2%2Ftags&post=5306"}],"curies":[{"name":"wp","href":"https:\/\/api.w.org\/{rel}","templated":true}]}}