{"id":559,"date":"2013-10-11T19:38:14","date_gmt":"2013-10-11T19:38:14","guid":{"rendered":"http:\/\/anatem.info\/?p=559"},"modified":"2013-10-11T19:38:14","modified_gmt":"2013-10-11T19:38:14","slug":"sahara-le-souverain-appelle-les-parlementaires-a-prendre-des-initiatives","status":"publish","type":"post","link":"http:\/\/anatem.info\/?p=559","title":{"rendered":"Sahara : Le Souverain appelle les parlementaires \u00e0 prendre des initiatives"},"content":{"rendered":"<div id=\"texte\">\n<p class=\"chapo\">Le roi Mohammed VI a consacr\u00e9 une partie de son discours d&rsquo;ouverture du parlement \u00e0 la question du Sahara, appelant les parlementaires \u00e0 prendre des initiatives car \u00abrien n&rsquo;est encore tranch\u00e9\u00bb.<\/p>\n<p>Le th\u00e8me de l\u2019int\u00e9grit\u00e9 territoriale a \u00e9t\u00e9 le second plus important point soulev\u00e9 par le roi lors de son discours \u00e0 l\u2019occasion de l\u2019ouverture de la session parlementaire vendredi. Le souverain est revenu sur l\u2019\u00e9pisode de la Minurso, l\u2019organe onusien ayant failli se voir confier la surveillance des droits humains au Sahara.<\/p>\n<p>\u00abLa question du Sahara s&rsquo;est trouv\u00e9e cette ann\u00e9e en butte \u00e0 des d\u00e9fis majeurs que nous avons pu relever gr\u00e2ce \u00e0 la force de notre position et \u00e0 la l\u00e9gitimit\u00e9 de notre cause.\u00a0Mais on ne devrait pas se satisfaire de remporter cette bataille, ni c\u00e9der \u00e0 un optimisme b\u00e9at.\u00bb<\/p>\n<p>Le roi reproche aux parlementaires leur attentisme. Et il le dit sans ambages\u00a0: \u00abla majorit\u00e9 des acteurs ne se mobilisent avec force qu&rsquo;en cas de danger imminent mena\u00e7ant notre int\u00e9grit\u00e9 territoriale, comme s&rsquo;ils attendaient le feu vert avant d&rsquo;entreprendre quoi que ce soit\u00bb.<\/p>\n<p>Le souverain a appel\u00e9 \u00e0 \u00abprendre les devants\u00bb, ne pas attendre \u00ables attaques pour riposter\u00bb, mais plut\u00f4t \u00abacculer (les ennemis du Maroc) \u00e0 la d\u00e9fensive\u00bb.Le roi a m\u00eame tir\u00e9 la sonnette d\u2019alarme, s\u2019inqui\u00e9tant ouvertement que le royaume, qui tire sa force de\u00a0\u00abl&rsquo;unanimit\u00e9 de toutes les composantes du peuple marocain autour de ses valeurs sacr\u00e9es\u00a0\u00bb, perde des points.<\/p>\n<\/div>\n<div>\u00abLa situation est difficile. Rien n&rsquo;est encore tranch\u00e9. Les man\u0153uvres des adversaires de notre int\u00e9grit\u00e9 territoriale ne vont pas s&rsquo;arr\u00eater, ce qui pourrait placer notre cause devant des d\u00e9veloppements d\u00e9cisifs\u00bb, a-t-il expliqu\u00e9, appelant le parlement \u00e0 \u00e9laborer \u00abun plan d&rsquo;action int\u00e9gr\u00e9 et efficient\u00bb.<\/div>\n<div><\/div>\n<div>Source : h24info.ma (11-10-2013)<\/div>\n<div><\/div>\n","protected":false},"excerpt":{"rendered":"<p>Le roi Mohammed VI a consacr\u00e9 une partie de son discours d&rsquo;ouverture du parlement \u00e0 la question du Sahara, appelant<\/p>\n","protected":false},"author":2,"featured_media":555,"comment_status":"closed","ping_status":"closed","sticky":false,"template":"","format":"standard","meta":{"footnotes":""},"categories":[3,8],"tags":[],"class_list":["post-559","post","type-post","status-publish","format-standard","has-post-thumbnail","hentry","category-accueil","category-provinces-du-sud"],"_links":{"self":[{"href":"http:\/\/anatem.info\/index.php?rest_route=\/wp\/v2\/posts\/559","targetHints":{"allow":["GET"]}}],"collection":[{"href":"http:\/\/anatem.info\/index.php?rest_route=\/wp\/v2\/posts"}],"about":[{"href":"http:\/\/anatem.info\/index.php?rest_route=\/wp\/v2\/types\/post"}],"author":[{"embeddable":true,"href":"http:\/\/anatem.info\/index.php?rest_route=\/wp\/v2\/users\/2"}],"replies":[{"embeddable":true,"href":"http:\/\/anatem.info\/index.php?rest_route=%2Fwp%2Fv2%2Fcomments&post=559"}],"version-history":[{"count":1,"href":"http:\/\/anatem.info\/index.php?rest_route=\/wp\/v2\/posts\/559\/revisions"}],"predecessor-version":[{"id":560,"href":"http:\/\/anatem.info\/index.php?rest_route=\/wp\/v2\/posts\/559\/revisions\/560"}],"wp:featuredmedia":[{"embeddable":true,"href":"http:\/\/anatem.info\/index.php?rest_route=\/wp\/v2\/media\/555"}],"wp:attachment":[{"href":"http:\/\/anatem.info\/index.php?rest_route=%2Fwp%2Fv2%2Fmedia&parent=559"}],"wp:term":[{"taxonomy":"category","embeddable":true,"href":"http:\/\/anatem.info\/index.php?rest_route=%2Fwp%2Fv2%2Fcategories&post=559"},{"taxonomy":"post_tag","embeddable":true,"href":"http:\/\/anatem.info\/index.php?rest_route=%2Fwp%2Fv2%2Ftags&post=559"}],"curies":[{"name":"wp","href":"https:\/\/api.w.org\/{rel}","templated":true}]}}